{"id":943,"date":"2024-11-02T14:44:18","date_gmt":"2024-11-02T14:44:18","guid":{"rendered":"https:\/\/patogusgyvenimas.lt\/index.php\/2024\/11\/02\/vyriausybe-nepritaria-siulymui-padidinti-kasmetiniu-atostogu-ilgi-kas-vyksta-kaune\/"},"modified":"2024-11-02T14:44:18","modified_gmt":"2024-11-02T14:44:18","slug":"vyriausybe-nepritaria-siulymui-padidinti-kasmetiniu-atostogu-ilgi-kas-vyksta-kaune","status":"publish","type":"post","link":"https:\/\/patogusgyvenimas.lt\/index.php\/2024\/11\/02\/vyriausybe-nepritaria-siulymui-padidinti-kasmetiniu-atostogu-ilgi-kas-vyksta-kaune\/","title":{"rendered":"Vyriausyb\u0117 nepritaria si\u016blymui padidinti kasmetini\u0173 atostog\u0173 ilg\u012f \u2013 Kas vyksta Kaune"},"content":{"rendered":"<p> <br \/>\n<\/p>\n<div>\n<p><strong>Vyriausyb\u0117 nepritaria Seimo nari\u0173 Au\u0161rin\u0117s Norkien\u0117s ir Guodos Burokien\u0117s si\u016blymui padidinti minimali\u0173j\u0173 kasmetini\u0173 atostog\u0173 trukm\u0119 dviem darbo dienomis. Vis tik Ministr\u0173 kabinetas palaiko projekto siek\u012f \u2013 gerinti Lietuvos gyventoj\u0173 sveikat\u0105.<\/strong><\/p>\n<p>Tokia Vyriausyb\u0117s i\u0161vada, kuriai Socialin\u0117s apsaugos ir darbo ministerijos (SADM) si\u016blymu pritarta tre\u010diadien\u012f, bus teikiama Seimui.<\/p>\n<p>Kaip ra\u0161oma pakeitimo projekte \u0161iuo metu darbuotojams suteikiamos ne ma\u017eiau kaip 20 darbo dien\u0173, o darbuotojams iki 18 met\u0173, vieniems auginantiems vaik\u0105 iki 14 met\u0173, jei \u0161is yra ne\u012fgalus iki 18 met\u0173, \u00a0ne\u012fgaliems darbuotojams \u2013 25 dien\u0173 atostogos. Anot parlamentari\u0173, tokios atostogos per trumpos, o darbuotojai dirba per ilgai, nesp\u0117ja pails\u0117ti ir atstatyti sveikatos.<\/p>\n<p>Vyriausyb\u0117 siekiui gerinti Lietuvos gyventoj\u0173 fizin\u0119 ir psichin\u0119 sveikat\u0105 pritaria, ta\u010diau nepritaria si\u016blomai teisinio reguliavimo priemonei, kuria nustatoma ilgesn\u0117 kasmetini\u0173 atostog\u0173 trukm\u0117.<\/p>\n<p>Anot SADM, pana\u0161i atostog\u0173 trukm\u0117 yra nustatyta daugumoje Europos S\u0105jungos. Be to, toks atostog\u0173 nustatymas neskatina sudaryti kolektyvini\u0173 sutar\u010di\u0173 leid\u017eian\u010di\u0173 darbuotojams patiems tartis d\u0117l geresni\u0173 s\u0105lyg\u0173.<\/p>\n<p>Taip pat ministerijos i\u0161vadoje pabr\u0117\u017eiama, kad esamas teisinis reguliavimas yra pakankamas, sudarantis s\u0105lygas darbuotojams derintis d\u0117l papildom\u0173 garantij\u0173, leid\u017eian\u010di\u0173 gauti papildom\u0105 poilsio laik\u0105 norint pagerinti fizin\u0119 ir psichin\u0119 sveikat\u0105.<\/p>\n<\/p><\/div>\n<p><br \/>\n<br \/><a href=\"https:\/\/kaunas.kasvyksta.lt\/2024\/11\/02\/lietuvoje\/vyriausybe-nepritaria-siulymui-padidinti-kasmetiniu-atostogu-ilgi\/\">Source link <\/a><\/p>\n","protected":false},"excerpt":{"rendered":"<p>Vyriausyb\u0117 nepritaria Seimo nari\u0173 Au\u0161rin\u0117s Norkien\u0117s ir Guodos Burokien\u0117s si\u016blymui padidinti minimali\u0173j\u0173 kasmetini\u0173 atostog\u0173 trukm\u0119 dviem darbo dienomis. Vis tik Ministr\u0173 kabinetas palaiko projekto siek\u012f \u2013 gerinti Lietuvos gyventoj\u0173 sveikat\u0105. Tokia Vyriausyb\u0117s i\u0161vada, kuriai Socialin\u0117s apsaugos ir darbo ministerijos (SADM) si\u016blymu pritarta tre\u010diadien\u012f, bus teikiama Seimui. Kaip ra\u0161oma pakeitimo projekte \u0161iuo metu darbuotojams suteikiamos ne [&hellip;]<\/p>\n","protected":false},"author":1,"featured_media":944,"comment_status":"","ping_status":"","sticky":false,"template":"","format":"standard","meta":{"om_disable_all_campaigns":false,"_monsterinsights_skip_tracking":false,"_monsterinsights_sitenote_active":false,"_monsterinsights_sitenote_note":"","_monsterinsights_sitenote_category":0,"footnotes":""},"categories":[507],"tags":[1040,1085,162,1084,788,1081,1083,1082,923,1080],"class_list":["post-943","post","type-post","status-publish","format-standard","has-post-thumbnail","hentry","category-salies-naujienos-aktualijos","tag-atostogu","tag-ilgi","tag-kas","tag-kasmetiniu","tag-kaune","tag-nepritaria","tag-padidinti","tag-siulymui","tag-vyksta","tag-vyriausybe"],"aioseo_notices":[],"_links":{"self":[{"href":"https:\/\/patogusgyvenimas.lt\/index.php\/wp-json\/wp\/v2\/posts\/943","targetHints":{"allow":["GET"]}}],"collection":[{"href":"https:\/\/patogusgyvenimas.lt\/index.php\/wp-json\/wp\/v2\/posts"}],"about":[{"href":"https:\/\/patogusgyvenimas.lt\/index.php\/wp-json\/wp\/v2\/types\/post"}],"author":[{"embeddable":true,"href":"https:\/\/patogusgyvenimas.lt\/index.php\/wp-json\/wp\/v2\/users\/1"}],"replies":[{"embeddable":true,"href":"https:\/\/patogusgyvenimas.lt\/index.php\/wp-json\/wp\/v2\/comments?post=943"}],"version-history":[{"count":0,"href":"https:\/\/patogusgyvenimas.lt\/index.php\/wp-json\/wp\/v2\/posts\/943\/revisions"}],"wp:featuredmedia":[{"embeddable":true,"href":"https:\/\/patogusgyvenimas.lt\/index.php\/wp-json\/wp\/v2\/media\/944"}],"wp:attachment":[{"href":"https:\/\/patogusgyvenimas.lt\/index.php\/wp-json\/wp\/v2\/media?parent=943"}],"wp:term":[{"taxonomy":"category","embeddable":true,"href":"https:\/\/patogusgyvenimas.lt\/index.php\/wp-json\/wp\/v2\/categories?post=943"},{"taxonomy":"post_tag","embeddable":true,"href":"https:\/\/patogusgyvenimas.lt\/index.php\/wp-json\/wp\/v2\/tags?post=943"}],"curies":[{"name":"wp","href":"https:\/\/api.w.org\/{rel}","templated":true}]}}