{"id":856,"date":"2024-10-28T14:07:55","date_gmt":"2024-10-28T14:07:55","guid":{"rendered":"https:\/\/patogusgyvenimas.lt\/index.php\/2024\/10\/28\/policijos-autoparka-papilde-nauji-tarnybiniai-automobiliai-planuose-tokiu-dar-200-foto-kas-vyksta-kaune\/"},"modified":"2024-10-28T14:07:55","modified_gmt":"2024-10-28T14:07:55","slug":"policijos-autoparka-papilde-nauji-tarnybiniai-automobiliai-planuose-tokiu-dar-200-foto-kas-vyksta-kaune","status":"publish","type":"post","link":"https:\/\/patogusgyvenimas.lt\/index.php\/2024\/10\/28\/policijos-autoparka-papilde-nauji-tarnybiniai-automobiliai-planuose-tokiu-dar-200-foto-kas-vyksta-kaune\/","title":{"rendered":"Policijos autopark\u0105 papild\u0117 nauji tarnybiniai automobiliai \u2013 planuose toki\u0173 dar 200 (foto) \u2013 Kas vyksta Kaune"},"content":{"rendered":"<p> <br \/>\n<\/p>\n<div>\n<p><strong>Pirmadien\u012f policijos \u012fstaigoms oficialiai perduoti 26 nauji tarnybiniai automobiliai.<\/strong><\/p>\n<p>Nauj\u0173 \u201eFord Transit Custom\u201c perdavimo policijos \u012fstaigoms ceremonija surengta Vilniuje, Ramintojos ba\u017eny\u010dios kieme. Joje dalyvavo policijos generalinis komisaras Ar\u016bnas Paulauskas, Lietuvos policijos kapelionas Algirdas Toliatas, kuris palaimino automobilius.<\/p>\n<style type=\"text\/css\"><!(CDATA(#envira-gallery-473479 {}))><\/style>\n<p><\/p>\n<p>\u201eLinkiu, kad \u0161ie 26 \u017eirgai i\u0161tikimai tarnaut\u0173 pareig\u016bnams, pad\u0117t\u0173 grei\u010diau ir saugiau reaguoti \u012f \u012fvykius, pad\u0117t\u0173 atlikti m\u016bs\u0173 kasdien\u0119 pareig\u0105\u201c, \u2013 ceremonijos metu kalb\u0117jo A. Paulauskas.<\/p>\n<p>Policijos generalinis komisaras teig\u0117, kad kit\u0105met planuojama policijos autopark\u0105 papildyti apie 200 nauj\u0173 automobili\u0173.<\/p>\n<p>\u201eKitiems metams esame nusimat\u0119 pakankamai stamb\u0173 automobili\u0173 pirkim\u0105. \u0160iuo metu vertiname pasi\u016blymus, kainas ir tikrai kitais metais Lietuvos policija pasipildys apie 200 nauj\u0173 tokio pat pob\u016bd\u017eio automobili\u0173\u201c, \u2013 \u017eurnalistams pirmadien\u012f sak\u0117 policijos vadovas.<\/p>\n<figure id=\"attachment_802658\" aria-describedby=\"caption-attachment-802658\" style=\"width: 2560px\" class=\"wp-caption aligncenter\"><img loading=\"lazy\" decoding=\"async\" src=\"https:\/\/kaunas.kasvyksta.lt\/wp-content\/uploads\/2024\/10\/67a43848183bff35aa210a8c828f9ed4-scaled.jpg\" alt=\"\" width=\"2560\" height=\"1707\" class=\"size-full wp-image-802658\" srcset=\"https:\/\/kaunas.kasvyksta.lt\/wp-content\/uploads\/2024\/10\/67a43848183bff35aa210a8c828f9ed4-scaled.jpg 2560w, https:\/\/kaunas.kasvyksta.lt\/wp-content\/uploads\/2024\/10\/67a43848183bff35aa210a8c828f9ed4-300x200.jpg 300w, https:\/\/kaunas.kasvyksta.lt\/wp-content\/uploads\/2024\/10\/67a43848183bff35aa210a8c828f9ed4-1024x683.jpg 1024w, https:\/\/kaunas.kasvyksta.lt\/wp-content\/uploads\/2024\/10\/67a43848183bff35aa210a8c828f9ed4-768x512.jpg 768w, https:\/\/kaunas.kasvyksta.lt\/wp-content\/uploads\/2024\/10\/67a43848183bff35aa210a8c828f9ed4-1536x1024.jpg 1536w, https:\/\/kaunas.kasvyksta.lt\/wp-content\/uploads\/2024\/10\/67a43848183bff35aa210a8c828f9ed4-2048x1365.jpg 2048w\" sizes=\"auto, (max-width: 2560px) 100vw, 2560px\"\/><figcaption id=\"caption-attachment-802658\" class=\"wp-caption-text\">Ar\u016bnas Paulauskas \/ ELTA \/ J. Elinsko nuotr.<\/figcaption><\/figure>\n<p>Anot jo, dalis policijos naudojam\u0173 automobili\u0173 yra nusid\u0117v\u0117j\u0119, nuva\u017eiav\u0119 apie 200 t\u016bkst. kilometr\u0173, tad naujas transportas pareig\u016bnams yra itin reikalingas.<\/p>\n<p>A. Palauskas u\u017esimin\u0117, jog dalis naudot\u0173 policijos tarnybini\u0173 automobili\u0173 yra sutaisomi ir perduodami Ukrainos teis\u0117saugos institucijoms.<\/p>\n<\/p><\/div>\n<p><br \/>\n<br \/><a href=\"https:\/\/kaunas.kasvyksta.lt\/2024\/10\/28\/lietuvoje\/policijos-autoparka-papilde-nauji-tarnybiniai-automobiliai-planuose-tokiu-dar-200-foto\/\">Source link <\/a><\/p>\n","protected":false},"excerpt":{"rendered":"<p>Pirmadien\u012f policijos \u012fstaigoms oficialiai perduoti 26 nauji tarnybiniai automobiliai. Nauj\u0173 \u201eFord Transit Custom\u201c perdavimo policijos \u012fstaigoms ceremonija surengta Vilniuje, Ramintojos ba\u017eny\u010dios kieme. Joje dalyvavo policijos generalinis komisaras Ar\u016bnas Paulauskas, Lietuvos policijos kapelionas Algirdas Toliatas, kuris palaimino automobilius. \u201eLinkiu, kad \u0161ie 26 \u017eirgai i\u0161tikimai tarnaut\u0173 pareig\u016bnams, pad\u0117t\u0173 grei\u010diau ir saugiau reaguoti \u012f \u012fvykius, pad\u0117t\u0173 atlikti m\u016bs\u0173 [&hellip;]<\/p>\n","protected":false},"author":1,"featured_media":857,"comment_status":"open","ping_status":"open","sticky":false,"template":"","format":"standard","meta":{"om_disable_all_campaigns":false,"_monsterinsights_skip_tracking":false,"_monsterinsights_sitenote_active":false,"_monsterinsights_sitenote_note":"","_monsterinsights_sitenote_category":0,"footnotes":""},"categories":[507],"tags":[918,915,921,922,162,788,916,721,919,866,917,920,923],"class_list":["post-856","post","type-post","status-publish","format-standard","has-post-thumbnail","hentry","category-salies-naujienos-aktualijos","tag-automobiliai","tag-autoparka","tag-dar","tag-foto","tag-kas","tag-kaune","tag-nauji","tag-papilde","tag-planuose","tag-policijos","tag-tarnybiniai","tag-tokiu","tag-vyksta"],"aioseo_notices":[],"_links":{"self":[{"href":"https:\/\/patogusgyvenimas.lt\/index.php\/wp-json\/wp\/v2\/posts\/856","targetHints":{"allow":["GET"]}}],"collection":[{"href":"https:\/\/patogusgyvenimas.lt\/index.php\/wp-json\/wp\/v2\/posts"}],"about":[{"href":"https:\/\/patogusgyvenimas.lt\/index.php\/wp-json\/wp\/v2\/types\/post"}],"author":[{"embeddable":true,"href":"https:\/\/patogusgyvenimas.lt\/index.php\/wp-json\/wp\/v2\/users\/1"}],"replies":[{"embeddable":true,"href":"https:\/\/patogusgyvenimas.lt\/index.php\/wp-json\/wp\/v2\/comments?post=856"}],"version-history":[{"count":0,"href":"https:\/\/patogusgyvenimas.lt\/index.php\/wp-json\/wp\/v2\/posts\/856\/revisions"}],"wp:featuredmedia":[{"embeddable":true,"href":"https:\/\/patogusgyvenimas.lt\/index.php\/wp-json\/wp\/v2\/media\/857"}],"wp:attachment":[{"href":"https:\/\/patogusgyvenimas.lt\/index.php\/wp-json\/wp\/v2\/media?parent=856"}],"wp:term":[{"taxonomy":"category","embeddable":true,"href":"https:\/\/patogusgyvenimas.lt\/index.php\/wp-json\/wp\/v2\/categories?post=856"},{"taxonomy":"post_tag","embeddable":true,"href":"https:\/\/patogusgyvenimas.lt\/index.php\/wp-json\/wp\/v2\/tags?post=856"}],"curies":[{"name":"wp","href":"https:\/\/api.w.org\/{rel}","templated":true}]}}