{"id":663,"date":"2024-10-08T11:29:03","date_gmt":"2024-10-08T11:29:03","guid":{"rendered":"https:\/\/patogusgyvenimas.lt\/index.php\/2024\/10\/08\/klaipedos-valstybinio-muzikinio-teatro-vadovo-konkursa-laimejo-goda-giedraityte\/"},"modified":"2024-10-08T11:29:03","modified_gmt":"2024-10-08T11:29:03","slug":"klaipedos-valstybinio-muzikinio-teatro-vadovo-konkursa-laimejo-goda-giedraityte","status":"publish","type":"post","link":"https:\/\/patogusgyvenimas.lt\/index.php\/2024\/10\/08\/klaipedos-valstybinio-muzikinio-teatro-vadovo-konkursa-laimejo-goda-giedraityte\/","title":{"rendered":"Klaip\u0117dos valstybinio muzikinio teatro vadovo konkurs\u0105 laim\u0117jo Goda Giedraityt\u0117"},"content":{"rendered":"<p> <br \/>\n<\/p>\n<div>\n<p>Kult\u016bros ministerijos organizuot\u0105 konkurs\u0105 vadovauti Klaip\u0117dos valstybiniam muzikiniam teatrui laim\u0117jo nacionalini\u0173 ir europini\u0173 kult\u016bros projekt\u0173 prodiuser\u0117, menotyrinink\u0117, kult\u016bros vadybinink\u0117 Goda Giedraityt\u0117.<\/p>\n<p>G. Giedraityt\u0117 yra kasmetinio tarptautinio \u0161iuolaikini\u0173 men\u0173 festivalio \u201ePLarTFORMA\u201c organizator\u0117, Europos S\u0105jungos programos \u201eEuropos kult\u016bros sostin\u0117s\u201c atrankos ir steb\u0117senos tarybos nar\u0117.<\/p>\n<p>2019\u20132023 m. ji buvo \u0160eiko \u0161okio teatro k\u016brybos prodiusere. \u0160iuo metu pirmininkauja Nevyriausybini\u0173 scenos meno organizacij\u0173 asociacijai, 2021\u20132023 m. buvo Profesionaliojo scenos meno \u012fstaig\u0173 tarybos pirminink\u0117.<\/p>\n<p>G. Giedraityt\u0117 yra \u012fgijusi kult\u016bros politikos ir vadybos magistro laipsn\u012f Vilniaus dail\u0117s akademijoje ir viduram\u017ei\u0173 studij\u0173 magistro laipsn\u012f Centriniame Europos universitete, yra d\u0117s\u010diusi Vilniaus dail\u0117s akademijoje ir Klaip\u0117dos universitete.<\/p>\n<p>Kaip k\u016brybin\u0117s grup\u0117s nar\u0117 G. Giedraityt\u0117 \u012fvertinta \u201eAuksiniu scenos kry\u017eiumi\u201c, Neringos ir Klaip\u0117dos savivaldybi\u0173 apdovanojimais.<\/p>\n<p>Konkurse dalyvavo septyni pretendentai. Komisij\u0105 sudar\u0117: kult\u016bros viceministr\u0117 Daina Urbanavi\u010dien\u0117 (komisijos pirminink\u0117), Kult\u016bros ministerijos Profesionaliosios k\u016brybos ir tarptauti\u0161kumo politikos grup\u0117s vadov\u0117 Janina Kru\u0161inskait\u0117, Kult\u016bros ministerijos Teis\u0117s ir \u017emogi\u0161k\u0173j\u0173 i\u0161tekli\u0173 skyriaus patar\u0117ja Svetlana Kneziauskait\u0117, muzikolog\u0117, muzikinio teatro \u017einov\u0117, muzikos istorik\u0117, Profesionaliojo scenos meno \u012fstaig\u0173 tarybos deleguota atstov\u0117 Daiva K\u0161anien\u0117, \u0161okio srities ekspert\u0117, k\u016br\u0117ja, pedagog\u0117, Profesionaliojo scenos meno \u012fstaig\u0173 tarybos atstov\u0117 Lina Puod\u017eiukait\u0117-Lanauskien\u0117.<\/p>\n<p>Klaip\u0117dos valstybinio muzikinio teatro vadovo kadencija \u2013 penkeri metai.<\/p>\n<p>Klaip\u0117dos valstybinis muzikinis teatras yra did\u017eiausia \u0160iaur\u0117s ir Vakar\u0173 Lietuvos kult\u016bros \u012fstaiga, moderniausias Lietuvos teatras, lankytojams duris atv\u0117r\u0119s po rekonstrukcijos 2024 m. Teatro paskirtis \u2013 \u012fgyvendinti valstyb\u0117s politik\u0105 profesionaliojo scenos meno srityje: formuoti savit\u0105 profesionaliojo scenos meno krypt\u012f ir pristatyti Lietuvoje ir u\u017esienyje auk\u0161tos menin\u0117s vert\u0117s klasikinio ir \u0161iuolaikinio profesionaliojo scenos meno k\u016brinius, ugdyti visuomen\u0117s poreik\u012f profesionaliajam scenos menui, u\u017etikrinti profesionaliojo scenos meno prieinamum\u0105 visoms \u0161alies visuomen\u0117s grup\u0117ms.<\/p>\n<div class=\"g g-43\">\n<div class=\"g-single a-213\"><\/div>\n<\/div>\n<\/div>\n<p><script>(function(d, s, id) {\nvar js, fjs = d.getElementsByTagName(s)(0);\nif (d.getElementById(id)) return;\njs = d.createElement(s); js.id = id;\njs.src = \"\/\/connect.facebook.net\/lt_LT\/sdk.js#xfbml=1&version=v2.10\";\nfjs.parentNode.insertBefore(js, fjs);\n}(document, 'script', 'facebook-jssdk'));<\/script><br \/>\n<br \/><br \/>\n<br \/><a href=\"https:\/\/miestonaujienos.lt\/klaipedos-valstybinio-muzikinio-teatro-vadovo-konkursa-laimejo-goda-giedraityte\/\">Source link <\/a><\/p>\n","protected":false},"excerpt":{"rendered":"<p>Kult\u016bros ministerijos organizuot\u0105 konkurs\u0105 vadovauti Klaip\u0117dos valstybiniam muzikiniam teatrui laim\u0117jo nacionalini\u0173 ir europini\u0173 kult\u016bros projekt\u0173 prodiuser\u0117, menotyrinink\u0117, kult\u016bros vadybinink\u0117 Goda Giedraityt\u0117. G. Giedraityt\u0117 yra kasmetinio tarptautinio \u0161iuolaikini\u0173 men\u0173 festivalio \u201ePLarTFORMA\u201c organizator\u0117, Europos S\u0105jungos programos \u201eEuropos kult\u016bros sostin\u0117s\u201c atrankos ir steb\u0117senos tarybos nar\u0117. 2019\u20132023 m. ji buvo \u0160eiko \u0161okio teatro k\u016brybos prodiusere. \u0160iuo metu pirmininkauja Nevyriausybini\u0173 [&hellip;]<\/p>\n","protected":false},"author":1,"featured_media":664,"comment_status":"open","ping_status":"open","sticky":false,"template":"","format":"standard","meta":{"om_disable_all_campaigns":false,"_monsterinsights_skip_tracking":false,"_monsterinsights_sitenote_active":false,"_monsterinsights_sitenote_note":"","_monsterinsights_sitenote_category":0,"footnotes":""},"categories":[507],"tags":[530,529,522,527,528,524,525,526,523],"class_list":["post-663","post","type-post","status-publish","format-standard","has-post-thumbnail","hentry","category-salies-naujienos-aktualijos","tag-giedraityte","tag-goda","tag-klaipedos","tag-konkursa","tag-laimejo","tag-muzikinio","tag-teatro","tag-vadovo","tag-valstybinio"],"aioseo_notices":[],"_links":{"self":[{"href":"https:\/\/patogusgyvenimas.lt\/index.php\/wp-json\/wp\/v2\/posts\/663","targetHints":{"allow":["GET"]}}],"collection":[{"href":"https:\/\/patogusgyvenimas.lt\/index.php\/wp-json\/wp\/v2\/posts"}],"about":[{"href":"https:\/\/patogusgyvenimas.lt\/index.php\/wp-json\/wp\/v2\/types\/post"}],"author":[{"embeddable":true,"href":"https:\/\/patogusgyvenimas.lt\/index.php\/wp-json\/wp\/v2\/users\/1"}],"replies":[{"embeddable":true,"href":"https:\/\/patogusgyvenimas.lt\/index.php\/wp-json\/wp\/v2\/comments?post=663"}],"version-history":[{"count":0,"href":"https:\/\/patogusgyvenimas.lt\/index.php\/wp-json\/wp\/v2\/posts\/663\/revisions"}],"wp:featuredmedia":[{"embeddable":true,"href":"https:\/\/patogusgyvenimas.lt\/index.php\/wp-json\/wp\/v2\/media\/664"}],"wp:attachment":[{"href":"https:\/\/patogusgyvenimas.lt\/index.php\/wp-json\/wp\/v2\/media?parent=663"}],"wp:term":[{"taxonomy":"category","embeddable":true,"href":"https:\/\/patogusgyvenimas.lt\/index.php\/wp-json\/wp\/v2\/categories?post=663"},{"taxonomy":"post_tag","embeddable":true,"href":"https:\/\/patogusgyvenimas.lt\/index.php\/wp-json\/wp\/v2\/tags?post=663"}],"curies":[{"name":"wp","href":"https:\/\/api.w.org\/{rel}","templated":true}]}}