{"id":2266,"date":"2025-02-18T02:06:00","date_gmt":"2025-02-18T02:06:00","guid":{"rendered":"https:\/\/patogusgyvenimas.lt\/index.php\/2025\/02\/18\/nukentejusi-pora-zada-skusti-policininkus-kas-vyksta-kaune\/"},"modified":"2025-02-18T02:06:00","modified_gmt":"2025-02-18T02:06:00","slug":"nukentejusi-pora-zada-skusti-policininkus-kas-vyksta-kaune","status":"publish","type":"post","link":"https:\/\/patogusgyvenimas.lt\/index.php\/2025\/02\/18\/nukentejusi-pora-zada-skusti-policininkus-kas-vyksta-kaune\/","title":{"rendered":"nukent\u0117jusi pora \u017eada sk\u0173sti policininkus \u2013 Kas vyksta Kaune"},"content":{"rendered":"<p> <br \/>\n<\/p>\n<div>\n<p><strong>Eilin\u0117 technin\u0117 avarija Kaune virto konfliktu su policininkais, a\u0161arin\u0117mis dujomis, antrankiais ir protokolais. Ai\u0161kintis avarijos aplinkybi\u0173 i\u0161kviesti pareig\u016bnai, baig\u0119 darb\u0105 papra\u0161\u0117 patraukti ma\u0161inas, bet vairuodama viena avarijos dalyv\u0117 nepaleido i\u0161 rank\u0173 telefono, tad u\u017esidirbo protokol\u0105. Po tokios \u017einios \u012fsiaudrin\u0119s moters vyras \u0117m\u0117 pl\u016bstis, pareig\u016bnai j\u012f surakino, pur\u0161k\u0117 a\u0161arini\u0173 duj\u0173 ir taip pat nubaud\u0117. Sutuoktiniai d\u0117l su\u017eeidim\u0173 atsid\u016br\u0117 klinikose, tad dabar siekia pareig\u016bn\u0173 atsakomyb\u0117s. <\/strong><\/p>\n<p>V\u0117l\u0173 vakar\u0105 lyg ir paprasta technin\u0117 avarija \u012fvyko Balt\u0173 prospekte Kaune. Bet vairuotojai susigin\u010dijo d\u0117l kalt\u0117s \u2013 tad spr\u0119sti gin\u010do i\u0161kviet\u0117 policij\u0105.<\/p>\n<p>Nustat\u0119 kaltinink\u0105, pareig\u016bnai papra\u0161\u0117 patraukti automobilius, kad \u0161ie netrukdyt\u0173 eismui ir tada avarija jau liko antrame plane, mat kauniet\u0117, matyt, u\u017esimir\u0161usi, prie vairo s\u0117do su telefonu rankoje, galimai skambino vyrui. <\/p>\n<p>\u201eGal a\u0161 t\u0105 telefon\u0105, gal ka\u017ekur j\u012f pamosikavau su ranka. Pasta\u010diau ma\u0161in\u0105, nes reik\u0117jo ir atgal paduot, kad gra\u017eiai pasiparkuo\u010diau, tuomet i\u0161lipau i\u0161 ma\u0161inos ir pareig\u016bnas sako, j\u016bs \u017einot, kad negalima vairuoti su telefonu kalbant\u201c, \u2013 pasakoja kauniet\u0117 Sandra Mingailien\u0117. <\/p>\n<p>Tad u\u017e tai u\u017esidirbo administracinio nusi\u017eengimo protokol\u0105. Policija sako, kad apie pa\u017eeidim\u0105 turi \u012frodym\u0173. <\/p>\n<p>\u012e avarijos viet\u0105 atskub\u0117j\u0119s moters vyras ir i\u0161gird\u0119s, jog \u017emona nubausta, surinkdamas \u012fsp\u0117jamuosius \u017eenklus apie buvusi\u0105 avarij\u0105 nesuvald\u0117 emocij\u0173. <\/p>\n<p>\u201eIr gal truput\u012f nusikeikiau. O pareig\u016bnai, jiems pasirod\u0117, kad a\u0161 prie\u0161 juos ka\u017ek\u0105 sakiau, jie mane grieb\u0117, puol\u0117 tempti \u012f automobil\u012f, a\u0161 sakau, kas \u010dia yra, jie sako \u2013 pasiprie\u0161inau policijos pareig\u016bnams\u201c, \u2013 pasakoja kaunietis K\u0119stutis Mingaila. <\/p>\n<p>\u017dodis po \u017eod\u017eio konfliktas \u012fsisi\u016bbavo, vyrui pareig\u016bnai u\u017ed\u0117jo antrankius. Kas vyko toliau, u\u017efiksavo pati moteris. <\/p>\n<p>\u201eO kod\u0117l j\u016bs taip elgiat\u0117s? \u2013 Nes \u012f\u017eeid\u0117 policijos pareig\u016bno orum\u0105. \u2013 Taigi jis nesak\u0117 jums? \u2013 A\u0161 kitaip gird\u0117jau. \u2013 Tai jis man sak\u0117 visai d\u0117l ko kito\u201c, \u2013 vaizdo \u012fra\u0161e su pareig\u016bnais kalba moteris. <\/p>\n<p>\u201eO kod\u0117l j\u016bs taip elgiat\u0117s? \u2013 Nes \u012f\u017eeid\u0117 policijos pareig\u016bno orum\u0105. \u2013 Taigi jis nesak\u0117 jums? \u2013 A\u0161 kitaip gird\u0117jau. \u2013 Tai jis man sak\u0117 visai <\/p>\n<p><strong>Mingailos atsid\u016br\u0117 ligonin\u0117je<\/strong><\/p>\n<p>Vienu metu nesusivald\u0117 ir pareig\u016bn\u0117, kuri moter\u012f apstumd\u0117. <\/p>\n<p>\u201ePuol\u0117 visu svoriu, per rank\u0105 trenk\u0117, telefon\u0105 ant asfalto numet\u0117, telefonas sudu\u017eo\u201c, \u2013 pasakoja S. Mingailien\u0117. <\/p>\n<p>Kaunietis irgi r\u0117\u017e\u0117 riebiai, pareig\u016bnai j\u012f \u012fgr\u016bdo u\u017e grot\u0173. Kaunie\u010diai nubausti d\u0117l pasiprie\u0161inimo pareig\u016bnams. <\/p>\n<p>\u201eAtidar\u0117 papildomai duris ir pripur\u0161k\u0117 man duj\u0173 \u012f akis, supur\u0161k\u0117 beveik vis\u0105 balion\u0117l\u012f ir u\u017edar\u0117 duris, pasijutau kaip Au\u0161vico konclagery, nes netur\u0117jau, kuo kv\u0117puoti\u201c, \u2013 tikina K. Mingaila. <\/p>\n<p>Kod\u0117l toki\u0173 veiksm\u0173 \u0117m\u0117si, policija argumentuoja taip: <\/p>\n<p>\u201e\u012evykio metu, sulaikin\u0117jant asmenis, kadangi jie nevykd\u0117 teis\u0117t\u0173 pareig\u016bn\u0173 reikalavim\u0173, stanginosi, prie\u0161inosi, tai buvo panaudotos spec. priemon\u0117s, pareig\u016bnams teko panaudoti dujas, antrankius\u201c, \u2013 sako O. Vaitkevi\u010dien\u0117.<\/p>\n<p>Pora atsid\u016br\u0117 Kauno klinikose, sako, ant k\u016bno yra nubrozdinimai, m\u0117lyn\u0117s, medikai fiksavo ir kitus su\u017ealojimus. <\/p>\n<p>\u201ePeties sumu\u0161im\u0105, kair\u0117s kojos sumu\u0161im\u0105, okulistai nustat\u0117, kad i\u0161deginta kair\u0117 akis\u201c, \u2013 teigia K. Mingaila. <\/p>\n<p>\u201eTie rie\u0161ai visi i\u0161sukioti, nu baisu\u201c, \u2013 prideda S. Mingailien\u0117. <\/p>\n<p>Kaunie\u010diai siekia pareig\u016bn\u0173 atsakomyb\u0117s.<\/p>\n<p>\u201eD\u0117l \u0161io \u012fvykio kreipsim\u0117s \u012f LR generalin\u0119 prokuror\u0119, nes norim, kad \u012fvykis b\u016bt\u0173 \u017einomas, ne tik, kad \u012f Kauno apskrities vyriausi\u0105 policijos komisariat\u0105. Turi b\u016bti atliktas tarnybinis patikrinimas ir prad\u0117tas ikiteisminis tyrimas d\u0117l piktnaud\u017eiavimo\u201c, \u2013 komentuoja advokat\u0117 Au\u0161ra Ru\u010dien\u0117. <\/p>\n<p>O viskas prasid\u0117jo nuo paprastos avarijos \u2013 tik \u0161io eismo \u012fvykio deklaracija taip ir liko neu\u017epildyta. <\/p>\n<p>Daugiau naujien\u0173 skaitykite \u010dia.<\/p>\n<\/p><\/div>\n<p><br \/>\n<br \/><a href=\"https:\/\/kaunas.kasvyksta.lt\/2025\/02\/17\/112\/eiline-avarija-kaune-baigesi-asarinemis-dujomis-ir-antrankiais-nukentejusi-pora-zada-skusti-policininkus\/\">Source link <\/a><\/p>\n","protected":false},"excerpt":{"rendered":"<p>Eilin\u0117 technin\u0117 avarija Kaune virto konfliktu su policininkais, a\u0161arin\u0117mis dujomis, antrankiais ir protokolais. Ai\u0161kintis avarijos aplinkybi\u0173 i\u0161kviesti pareig\u016bnai, baig\u0119 darb\u0105 papra\u0161\u0117 patraukti ma\u0161inas, bet vairuodama viena avarijos dalyv\u0117 nepaleido i\u0161 rank\u0173 telefono, tad u\u017esidirbo protokol\u0105. Po tokios \u017einios \u012fsiaudrin\u0119s moters vyras \u0117m\u0117 pl\u016bstis, pareig\u016bnai j\u012f surakino, pur\u0161k\u0117 a\u0161arini\u0173 duj\u0173 ir taip pat nubaud\u0117. Sutuoktiniai d\u0117l [&hellip;]<\/p>\n","protected":false},"author":1,"featured_media":2267,"comment_status":"","ping_status":"","sticky":false,"template":"","format":"standard","meta":{"om_disable_all_campaigns":false,"_monsterinsights_skip_tracking":false,"_monsterinsights_sitenote_active":false,"_monsterinsights_sitenote_note":"","_monsterinsights_sitenote_category":0,"footnotes":""},"categories":[507],"tags":[162,788,3358,3361,3359,3360,923,1179],"class_list":["post-2266","post","type-post","status-publish","format-standard","has-post-thumbnail","hentry","category-salies-naujienos-aktualijos","tag-kas","tag-kaune","tag-nukentejusi","tag-policininkus","tag-pora","tag-skusti","tag-vyksta","tag-zada"],"aioseo_notices":[],"_links":{"self":[{"href":"https:\/\/patogusgyvenimas.lt\/index.php\/wp-json\/wp\/v2\/posts\/2266","targetHints":{"allow":["GET"]}}],"collection":[{"href":"https:\/\/patogusgyvenimas.lt\/index.php\/wp-json\/wp\/v2\/posts"}],"about":[{"href":"https:\/\/patogusgyvenimas.lt\/index.php\/wp-json\/wp\/v2\/types\/post"}],"author":[{"embeddable":true,"href":"https:\/\/patogusgyvenimas.lt\/index.php\/wp-json\/wp\/v2\/users\/1"}],"replies":[{"embeddable":true,"href":"https:\/\/patogusgyvenimas.lt\/index.php\/wp-json\/wp\/v2\/comments?post=2266"}],"version-history":[{"count":0,"href":"https:\/\/patogusgyvenimas.lt\/index.php\/wp-json\/wp\/v2\/posts\/2266\/revisions"}],"wp:featuredmedia":[{"embeddable":true,"href":"https:\/\/patogusgyvenimas.lt\/index.php\/wp-json\/wp\/v2\/media\/2267"}],"wp:attachment":[{"href":"https:\/\/patogusgyvenimas.lt\/index.php\/wp-json\/wp\/v2\/media?parent=2266"}],"wp:term":[{"taxonomy":"category","embeddable":true,"href":"https:\/\/patogusgyvenimas.lt\/index.php\/wp-json\/wp\/v2\/categories?post=2266"},{"taxonomy":"post_tag","embeddable":true,"href":"https:\/\/patogusgyvenimas.lt\/index.php\/wp-json\/wp\/v2\/tags?post=2266"}],"curies":[{"name":"wp","href":"https:\/\/api.w.org\/{rel}","templated":true}]}}