{"id":1964,"date":"2025-01-22T23:56:41","date_gmt":"2025-01-22T23:56:41","guid":{"rendered":"https:\/\/patogusgyvenimas.lt\/index.php\/2025\/01\/22\/sunku-suvokti-kokios-salies-koalicijoje-jis-yra-kas-vyksta-kaune\/"},"modified":"2025-01-22T23:56:41","modified_gmt":"2025-01-22T23:56:41","slug":"sunku-suvokti-kokios-salies-koalicijoje-jis-yra-kas-vyksta-kaune","status":"publish","type":"post","link":"https:\/\/patogusgyvenimas.lt\/index.php\/2025\/01\/22\/sunku-suvokti-kokios-salies-koalicijoje-jis-yra-kas-vyksta-kaune\/","title":{"rendered":"sunku suvokti, kokios \u0161alies koalicijoje jis yra \u2013 Kas vyksta Kaune"},"content":{"rendered":"<p> <br \/>\n<\/p>\n<div>\n<p><strong>\u201eAu\u0161rie\u010di\u0173\u201c lyderiui Remigijui \u017demaitai\u010diui parei\u0161kus, jog \u012f Ukrain\u0105 verta va\u017eiuoti nebent norint pasimokyti korupcijos, Prezident\u016bra teigia, jog sunku suvokti, kokios \u0161alies valdan\u010diajai daugumai atstovauja tokiais pasisakymais besim\u0117tantis politikas.<\/strong><\/p>\n<p>\u201eSunku suvokti, kokios \u0161alies valdan\u010dioje koalicijoje yra tokius minties \u201eperlus\u201c \u017earstantis partneris\u201c, \u2013 Eltai sak\u0117 prezidento Gitano Naus\u0117dos vyriausiasis patar\u0117jas Frederikas Jansonas.<\/p>\n<p>Seimo pirmininkui Saulius Skverneliui tre\u010diadien\u012f paraginus Valstyb\u0117s gynimo tarybos (VGT) sprendimais abejojantiems politikams susipa\u017einti su \u012fslaptinta informacija apie esam\u0105 saugumo situacij\u0105 ir nuvykti \u012f Ukrain\u0105, \u201eNemuno au\u0161ros\u201c lyderis R. \u017demaitaitis atsak\u0117 nematantis prasm\u0117s to daryti.<\/p>\n<p>\u201eD\u0117l lankymosi Ukrainoje \u2013 tai labai geras Seimo pirmininko pasi\u016blymas. Galiu lankytis Ukrainoje, bet neturiu a\u0161 ten ko va\u017eiuoti. Nebent ky\u0161i\u0173, korupcijos \u0117mimo, ginkluot\u0117s pardavimo, valstyb\u0117s pardavimo atvej\u0173 ten tikrai galima i\u0161mokti\u201c, \u2013 Eltai sak\u0117 R. \u017demaitaitis.<\/p>\n<p>ELTA primena, kad pra\u0117jusios savait\u0117s penktadien\u012f pos\u0117d\u017eiavusi VGT sutar\u0117 2026-2030 met\u0173 laikotarpiu \u0161alies gynybai skirti 5-6 proc. nuo BVP kasmet. \u0160alies vadovo G. Naus\u0117dos teigimu, per min\u0117t\u0105 ketveri\u0173 met\u0173 laikotarp\u012f tur\u0117t\u0173 b\u016bti i\u0161laikytas 5,5 proc. BVP finansavimo lygis.<\/p>\n<p>Prezidentas nurod\u0117, kad tok\u012f finansavim\u0105 gynybai galima pasiekti perskirs\u010dius \u0161alies resursus, ta\u010diau pa\u017eym\u0117jo b\u016btinyb\u0119 vengti mokes\u010di\u0173 didinimo.<\/p>\n<p>Papildomi asignavimai, VGT sprendimu, reikalingi, norint iki 2030 m. Lietuvoje suformuoti kariuomen\u0117s divizij\u0105. Po spal\u012f vykusio VGT buvo konstatuota, jog su dabartiniu finansavimu divizija negal\u0117s pasiekti pilno operacinio paj\u0117gumo iki sutarto termino.<\/p>\n<p>VGT pritar\u0117 si\u016blymui formuoti nacionalin\u0119 kariuomen\u0117s divizij\u0105 dar 2023 m. gegu\u017e\u0119.<\/p>\n<\/p><\/div>\n<p><br \/>\n<br \/><a href=\"https:\/\/kaunas.kasvyksta.lt\/2025\/01\/22\/politika\/po-r-zemaitaicio-pareiskimu-prezidenturos-reakcija-sunku-suvokti-kokios-salies-koalicijoje-jis-yra\/\">Source link <\/a><\/p>\n","protected":false},"excerpt":{"rendered":"<p>\u201eAu\u0161rie\u010di\u0173\u201c lyderiui Remigijui \u017demaitai\u010diui parei\u0161kus, jog \u012f Ukrain\u0105 verta va\u017eiuoti nebent norint pasimokyti korupcijos, Prezident\u016bra teigia, jog sunku suvokti, kokios \u0161alies valdan\u010diajai daugumai atstovauja tokiais pasisakymais besim\u0117tantis politikas. \u201eSunku suvokti, kokios \u0161alies valdan\u010dioje koalicijoje yra tokius minties \u201eperlus\u201c \u017earstantis partneris\u201c, \u2013 Eltai sak\u0117 prezidento Gitano Naus\u0117dos vyriausiasis patar\u0117jas Frederikas Jansonas. Seimo pirmininkui Saulius Skverneliui tre\u010diadien\u012f [&hellip;]<\/p>\n","protected":false},"author":1,"featured_media":1965,"comment_status":"","ping_status":"","sticky":false,"template":"","format":"standard","meta":{"om_disable_all_campaigns":false,"_monsterinsights_skip_tracking":false,"_monsterinsights_sitenote_active":false,"_monsterinsights_sitenote_note":"","_monsterinsights_sitenote_category":0,"footnotes":""},"categories":[507],"tags":[113,162,788,2888,2838,2362,2886,2887,923,163],"class_list":["post-1964","post","type-post","status-publish","format-standard","has-post-thumbnail","hentry","category-salies-naujienos-aktualijos","tag-jis","tag-kas","tag-kaune","tag-koalicijoje","tag-kokios","tag-salies","tag-sunku","tag-suvokti","tag-vyksta","tag-yra"],"aioseo_notices":[],"_links":{"self":[{"href":"https:\/\/patogusgyvenimas.lt\/index.php\/wp-json\/wp\/v2\/posts\/1964","targetHints":{"allow":["GET"]}}],"collection":[{"href":"https:\/\/patogusgyvenimas.lt\/index.php\/wp-json\/wp\/v2\/posts"}],"about":[{"href":"https:\/\/patogusgyvenimas.lt\/index.php\/wp-json\/wp\/v2\/types\/post"}],"author":[{"embeddable":true,"href":"https:\/\/patogusgyvenimas.lt\/index.php\/wp-json\/wp\/v2\/users\/1"}],"replies":[{"embeddable":true,"href":"https:\/\/patogusgyvenimas.lt\/index.php\/wp-json\/wp\/v2\/comments?post=1964"}],"version-history":[{"count":0,"href":"https:\/\/patogusgyvenimas.lt\/index.php\/wp-json\/wp\/v2\/posts\/1964\/revisions"}],"wp:featuredmedia":[{"embeddable":true,"href":"https:\/\/patogusgyvenimas.lt\/index.php\/wp-json\/wp\/v2\/media\/1965"}],"wp:attachment":[{"href":"https:\/\/patogusgyvenimas.lt\/index.php\/wp-json\/wp\/v2\/media?parent=1964"}],"wp:term":[{"taxonomy":"category","embeddable":true,"href":"https:\/\/patogusgyvenimas.lt\/index.php\/wp-json\/wp\/v2\/categories?post=1964"},{"taxonomy":"post_tag","embeddable":true,"href":"https:\/\/patogusgyvenimas.lt\/index.php\/wp-json\/wp\/v2\/tags?post=1964"}],"curies":[{"name":"wp","href":"https:\/\/api.w.org\/{rel}","templated":true}]}}