{"id":1647,"date":"2024-12-26T22:30:25","date_gmt":"2024-12-26T22:30:25","guid":{"rendered":"https:\/\/patogusgyvenimas.lt\/index.php\/2024\/12\/26\/nuskambejo-jubiliejinis-camerata-solaris-siauliu-kamerinio-orkestro-koncertas\/"},"modified":"2024-12-26T22:30:25","modified_gmt":"2024-12-26T22:30:25","slug":"nuskambejo-jubiliejinis-camerata-solaris-siauliu-kamerinio-orkestro-koncertas","status":"publish","type":"post","link":"https:\/\/patogusgyvenimas.lt\/index.php\/2024\/12\/26\/nuskambejo-jubiliejinis-camerata-solaris-siauliu-kamerinio-orkestro-koncertas\/","title":{"rendered":"Nuskamb\u0117jo jubiliejinis \u201eCamerata Solaris\u201c \u0160iauli\u0173 kamerinio orkestro koncertas"},"content":{"rendered":"<p> <br \/>\n<\/p>\n<p><\/p>\n<p>Gruod\u017eio 18 d. \u0160iauli\u0173 koncert\u0173 sal\u0117je \u201eSaul\u0117\u201c \u012fvyko \u201eCamerata Solaris\u201c \u0160iauli\u0173 kamerinio orkestro 35-me\u010dio koncertas. Nepaisant kaip i\u0161 kibiro u\u017e lango t\u0105 vakar\u0105 pylusio lietaus renginys pritrauk\u0117 gaus\u0173 klausytoj\u0173 b\u016br\u012f: kvietim\u0173 nebeliko dar gerokai prie\u0161 koncert\u0105.<\/p>\n<p><strong><img decoding=\"async\" loading=\"lazy\" class=\"size-medium wp-image-296599 aligncenter\" src=\"https:\/\/miestonaujienos.lt\/wp-content\/uploads\/2024\/12\/mazos-sj-33.jpg\" alt=\"\" width=\"1230\" height=\"820\" \/><\/strong><\/p>\n<p>Orkestras, vadovaujamas maestro Vilhelmo \u010cepinskio, scenoje pasirod\u0117 kartu su violon\u010del\u0117s virtuozu Mindaugu Ba\u010dkumi ir Lietuvos nacionalinio simfoninio orkestro vyriausiuoju dirigentu ir meno vadovu Modestu Pitr\u0117nu. Koncerte skamb\u0117jo i\u0161skirtiniai k\u016briniai, tarp kuri\u0173 \u2013 V. \u010cepinskio \u201eInfinitum\u201c siuita violon\u010delei ir orkestrui bei J. Haydn\u2019o Koncertas violon\u010delei ir orkestrui C-dur.<\/p>\n<p><strong><img decoding=\"async\" loading=\"lazy\" class=\"size-full wp-image-296598 aligncenter\" src=\"https:\/\/miestonaujienos.lt\/wp-content\/uploads\/2024\/12\/mazos-sj-27.jpg\" alt=\"\" width=\"1230\" height=\"820\" \/><\/strong><\/p>\n<p>Vakaro programoje klausytojai i\u0161girdo tiek rimtus, tiek d\u017eiaugsmingus k\u016brinius. Diriguojant Vilhelmui \u010cepinskiui koncerte taip pat nuskamb\u0117jo M. K. \u010ciurlionio Stygini\u0173 kvartetas c-moll\/ V. \u010cepinskio autorin\u0117 versija stygini\u0173 orkestrui.<\/p>\n<p><strong><img decoding=\"async\" loading=\"lazy\" class=\"size-medium wp-image-296603 aligncenter\" src=\"https:\/\/miestonaujienos.lt\/wp-content\/uploads\/2024\/12\/mazos-sj-12.jpg\" alt=\"\" width=\"1230\" height=\"820\" \/><\/strong><\/p>\n<p>Renginio metu pristatytas pastarojo k\u016brinio nat\u0173 leidinys ir CD, kaip dovana jie \u012fteikti ne tik visiems \u201eCamerata Solaris\u201c orkestrantams, kviestiniam solistui ir dirigentui, bet ir kolektyvo pasveikinti atvykusiems sve\u010diams.<\/p>\n<p><strong><img decoding=\"async\" loading=\"lazy\" class=\"size-medium wp-image-296601 aligncenter\" src=\"https:\/\/miestonaujienos.lt\/wp-content\/uploads\/2024\/12\/mazos-sj-93.jpg\" alt=\"\" width=\"1230\" height=\"820\" \/><\/strong><\/p>\n<p>\u012e scen\u0105 kil\u0119s \u0160iauli\u0173 miesto meras Art\u016bras Visockas negail\u0117jo \u0161ilt\u0173 \u017eod\u017ei\u0173 \u0161vent\u0117s kaltininkams: orkestr\u0105 35-me\u010dio proga pasveikino \u012fteikdamas ne tik tradicin\u012f mero tort\u0105, bet ir pad\u0117k\u0105 \u201eCamerata Solaris\u201c meno vadovui ir dirigentui Vilhelmui \u010cepinskiui u\u017e profesionaliosios muzikos puosel\u0117jim\u0105 \u0160iauli\u0173 mieste ir i\u0161skirtin\u012f ind\u0117l\u012f \u012f kult\u016brin\u012f gyvenim\u0105.<\/p>\n<p><strong><img decoding=\"async\" loading=\"lazy\" class=\"size-medium wp-image-296600 aligncenter\" src=\"https:\/\/miestonaujienos.lt\/wp-content\/uploads\/2024\/12\/mazos-sj-76.jpg\" alt=\"\" width=\"1230\" height=\"820\" \/><\/strong><\/p>\n<p>Muzikin\u012f sveikinim\u0105 scenos bi\u010diuliams j\u0173 \u0161vent\u0117je nuo scenos dovanojo \u0161iemet gyvavimo 50-met\u012f minintis \u0160iauli\u0173 valstybinis kamerinis choras \u201ePolifonija\u201c su \u0161ios \u012fstaigos vadove Nijole Saimininkiene prie\u0161akyje.<\/p>\n<p>Kolektyv\u0105 visos \u0160iauli\u0173 miesto koncertin\u0117s \u012fstaigos \u201eSaul\u0117\u201c vardu sveikino jos vadovas Vaidotas Katutis bei dviej\u0173 kit\u0173 \u0161iai \u012fstaigai priklausan\u010di\u0173 kolektyv\u0173 atstovai: \u0160iauli\u0173 pu\u010diam\u0173j\u0173 orkestro meno vadovas ir dirigentas Sigitas Vai\u010diulionis bei \u0160iauli\u0173 bigbendo meno vadovo ir dirigento asistentas, vienas \u012fk\u016br\u0117j\u0173 Romualdas Sabaliauskas.<\/p>\n<p>Ilgiausi\u0173 met\u0173 kolektyvui link\u0117jo ir kiti vakaro sve\u010diai: \u0160iauli\u0173 Sauliaus Sondeckio men\u0173 gimnazijos direktor\u0117 Regina Marozien\u0117, Akmen\u0117s rajono meno mokyklos kolektyvas.<\/p>\n<p>Orkestras \u0161iemet dar pasirodys nemokamame naujametiniame koncerte \u201eO sole mio\u201c gruod\u017eio 31 d. \u201eSaul\u0117s\u201c sal\u0117je.<\/p>\n<p>\u0160ia publikacija dalinasi Lietuvos region\u0173 naujien\u0173 portalas \u201eMiesto naujienos\u201c. Daugiau sau ir savo miestui aktuali\u0173 naujien\u0173 rasite portale Miesto naujienos.<\/p>\n<p><br \/>\n<br \/><a href=\"https:\/\/miestonaujienos.lt\/nuskambejo-jubiliejinis-camerata-solaris-siauliu-kamerinio-orkestro-koncertas\/\">Source link <\/a><\/p>\n","protected":false},"excerpt":{"rendered":"<p>Gruod\u017eio 18 d. \u0160iauli\u0173 koncert\u0173 sal\u0117je \u201eSaul\u0117\u201c \u012fvyko \u201eCamerata Solaris\u201c \u0160iauli\u0173 kamerinio orkestro 35-me\u010dio koncertas. Nepaisant kaip i\u0161 kibiro u\u017e lango t\u0105 vakar\u0105 pylusio lietaus renginys pritrauk\u0117 gaus\u0173 klausytoj\u0173 b\u016br\u012f: kvietim\u0173 nebeliko dar gerokai prie\u0161 koncert\u0105. Orkestras, vadovaujamas maestro Vilhelmo \u010cepinskio, scenoje pasirod\u0117 kartu su violon\u010del\u0117s virtuozu Mindaugu Ba\u010dkumi ir Lietuvos nacionalinio simfoninio orkestro vyriausiuoju [&hellip;]<\/p>\n","protected":false},"author":1,"featured_media":1648,"comment_status":"","ping_status":"","sticky":false,"template":"","format":"standard","meta":{"om_disable_all_campaigns":false,"_monsterinsights_skip_tracking":false,"_monsterinsights_sitenote_active":false,"_monsterinsights_sitenote_note":"","_monsterinsights_sitenote_category":0,"footnotes":""},"categories":[940],"tags":[2388,2387,2390,2392,2386,2391,508,2389],"class_list":["post-1647","post","type-post","status-publish","format-standard","has-post-thumbnail","hentry","category-laisvalaikis-ir-kultura","tag-camerata","tag-jubiliejinis","tag-kamerinio","tag-koncertas","tag-nuskambejo","tag-orkestro","tag-siauliu","tag-solaris"],"aioseo_notices":[],"_links":{"self":[{"href":"https:\/\/patogusgyvenimas.lt\/index.php\/wp-json\/wp\/v2\/posts\/1647","targetHints":{"allow":["GET"]}}],"collection":[{"href":"https:\/\/patogusgyvenimas.lt\/index.php\/wp-json\/wp\/v2\/posts"}],"about":[{"href":"https:\/\/patogusgyvenimas.lt\/index.php\/wp-json\/wp\/v2\/types\/post"}],"author":[{"embeddable":true,"href":"https:\/\/patogusgyvenimas.lt\/index.php\/wp-json\/wp\/v2\/users\/1"}],"replies":[{"embeddable":true,"href":"https:\/\/patogusgyvenimas.lt\/index.php\/wp-json\/wp\/v2\/comments?post=1647"}],"version-history":[{"count":0,"href":"https:\/\/patogusgyvenimas.lt\/index.php\/wp-json\/wp\/v2\/posts\/1647\/revisions"}],"wp:featuredmedia":[{"embeddable":true,"href":"https:\/\/patogusgyvenimas.lt\/index.php\/wp-json\/wp\/v2\/media\/1648"}],"wp:attachment":[{"href":"https:\/\/patogusgyvenimas.lt\/index.php\/wp-json\/wp\/v2\/media?parent=1647"}],"wp:term":[{"taxonomy":"category","embeddable":true,"href":"https:\/\/patogusgyvenimas.lt\/index.php\/wp-json\/wp\/v2\/categories?post=1647"},{"taxonomy":"post_tag","embeddable":true,"href":"https:\/\/patogusgyvenimas.lt\/index.php\/wp-json\/wp\/v2\/tags?post=1647"}],"curies":[{"name":"wp","href":"https:\/\/api.w.org\/{rel}","templated":true}]}}