{"id":1617,"date":"2024-12-24T21:39:51","date_gmt":"2024-12-24T21:39:51","guid":{"rendered":"https:\/\/patogusgyvenimas.lt\/index.php\/2024\/12\/24\/kuciu-vakaras-prie-auksciausios-kaledu-egles\/"},"modified":"2024-12-24T21:39:51","modified_gmt":"2024-12-24T21:39:51","slug":"kuciu-vakaras-prie-auksciausios-kaledu-egles","status":"publish","type":"post","link":"https:\/\/patogusgyvenimas.lt\/index.php\/2024\/12\/24\/kuciu-vakaras-prie-auksciausios-kaledu-egles\/","title":{"rendered":"K\u016b\u010di\u0173 vakaras prie auk\u0161\u010diausios Kal\u0117d\u0173 egl\u0117s"},"content":{"rendered":"<p> <br \/>\n<\/p>\n<div>\n<p><span style=\"text-align: justify;\">Gruod\u017eio 24 d., nuo 23 val., suaugusieji ir vaikai kvie\u010diami \u012f gamtininko Tado Ivanausko Obelyn\u0117s sodyb\u0105 prie profesoriaus sodintos egl\u0117s, kuri per kelet\u0105 de\u0161imtme\u010di\u0173 u\u017eaugo iki 34 m ir \u0161iuo metu yra bene auk\u0161\u010diausias Kal\u0117d\u0173 medis Lietuvoje.<\/span><\/p>\n<p style=\"text-align: justify;\">Kal\u0117d\u0173 sutiktuvi\u0173 ir Obelyn\u0117s eglut\u0117s \u012f\u017eiebimo \u0161vent\u0117 vyks jau penktus metus i\u0161 eil\u0117s. Kauno rajono savivaldyb\u0117s muziejaus direktorius Zigmas Kalesinskas pasakojo, kad T. Ivanauskas puo\u0161davo egl\u0119 savo bute, V. Putvinskio gatv\u0117je, ta\u010diau \u0161v\u0119sti Kal\u0117das atvykdavo \u012f Obelyn\u0119.<\/p>\n<div class=\"g g-25\">\n<p>MN 15 | Straipsnio vidus 1 pragrafas | 969&#215;200<\/p>\n<\/div>\n<blockquote>\n<p style=\"text-align: justify;\">\u201ePagal sen\u0105j\u0105 tradicij\u0105 kal\u0117dines eglutes tur\u0117tume r\u0117dyti K\u016b\u010di\u0173 dien\u0105 ir j\u0173 gro\u017eiu m\u0117gautis iki Trij\u0173 Karali\u0173 \u0161vent\u0117s. Dabar gi \u017emon\u0117s skuba puo\u0161ti eglutes lapkri\u010dio pabaigoje arba gruod\u017eio prad\u017eioje, tod\u0117l Advento laikotarpis prailgsta, o m\u016bs\u0173 \u017evilgsnis atbunka. Nusprend\u0117me laikytis sen\u0173j\u0173 tradicij\u0173 ir kvie\u010diame visus po Piemen\u0117li\u0173 mi\u0161i\u0173 atvykti \u012f Obelyn\u0117s dendrologin\u012f park\u0105 prie profesoriaus sodintos egl\u0117s\u201c, \u2013 kviet\u0117 Z. Kalesinskas.<\/p>\n<\/blockquote>\n<p style=\"text-align: justify;\">Siekiant nepa\u017eeisti med\u017eio, \u017eaisliukai ant egl\u0117s nebus kabinami, i\u0161skyrus \u0161vie\u010dan\u010dias girliandas.<\/p>\n<blockquote class=\"wp-embedded-content\" data-secret=\"ovzJEP6PK4\">\n<p>Kal\u0117dinis \u017eygis 2024 \u2013 \u0161ventin\u0117 kelion\u0117 gamtoje su \u0161eima ir draugais!<\/p>\n<\/blockquote>\n<p><iframe loading=\"lazy\" class=\"wp-embedded-content\" sandbox=\"allow-scripts\" security=\"restricted\" style=\"position: absolute; clip: rect(1px, 1px, 1px, 1px);\" title=\"\u201eKal\u0117dinis \u017eygis 2024 \u2013 \u0161ventin\u0117 kelion\u0117 gamtoje su \u0161eima ir draugais!\u201c \u2014 Miesto naujienos\" src=\"https:\/\/miestonaujienos.lt\/kaledinis-zygis-2024-sventine-kelione-gamtoje-su-seima-ir-draugais\/embed\/#?secret=ovzJEP6PK4\" data-secret=\"ovzJEP6PK4\" width=\"600\" height=\"338\" frameborder=\"0\" marginwidth=\"0\" marginheight=\"0\" scrolling=\"no\"><\/iframe><\/p>\n<p style=\"text-align: justify;\">Gruod\u017eio 24-\u0105j\u0105 Obelyn\u0117 vartus lankytojams atvers nuo 23 val. \u012e Kal\u0117d\u0173 sutiktuves atvykstantys lankytojai tur\u0117s galimyb\u0119 nemokamai aplankyti T. Ivanausko kluone \u012fkurdint\u0105 prakart\u0117li\u0173, kal\u0117dini\u0173 \u017eaisliuk\u0173 ir Kal\u0117d\u0173 senelio elni\u0173 rag\u0173 parod\u0105, i\u0161bandyti med\u017ei\u0173 burtus, aplankyti memorialin\u012f muziej\u0173. Lankytojus pasitiks Kal\u0117d\u0173 Senelis ir elnias devyniaragis.<\/p>\n<p style=\"text-align: justify;\">Obelyn\u0117s kluone \u012fkurdintoje parodoje bus eksponuojama 10 prakart\u0117li\u0173 i\u0161 Roki\u0161kio kra\u0161to muziejaus. \u010cia taip pat bus galim ap\u017ei\u016br\u0117ti daugiau nei 400 kal\u0117dini\u0173 \u017eaisliuk\u0173 i\u0161 Kauno rajono muziejaus rinkini\u0173.<\/p>\n<p style=\"text-align: justify;\">Nuo 23.45 val. lankytojai bus kvie\u010diami prie T. Ivanausko sodintos egl\u0117s. Susirinkusiuosius linksmins folkloro grup\u0117 \u201eRatilai\u201c, \u0161ildys \u0161ventinis lau\u017eas.<\/p>\n<blockquote>\n<p style=\"text-align: justify;\">\u201eAtvykstant \u012f Obelyn\u0119 kvie\u010diame sugalvoti tris norus, nes bus trys \u0161vie\u010dian\u010dios obelys, ant kuri\u0173 kamien\u0173 bus priri\u0161ti \u0161ieno k\u016bliai. Ap\u0117jus tris kartus aplink obel\u012f ir i\u0161traukus \u0161iaud\u0105, bus galima su\u017einoti ar j\u016bs\u0173 norai i\u0161sipildys\u201c, \u2013 Kal\u0117dini\u0173 burt\u0173 magij\u0105 ai\u0161kino Z. Kalesinskas.<\/p>\n<\/blockquote>\n<p style=\"text-align: justify;\">Obelyn\u0117s Kal\u0117d\u0173 egl\u0117 spind\u0117s iki Trij\u0173 Karali\u0173 \u0161vent\u0117s.<\/p>\n<div class=\"g g-43\">\n<div class=\"g-single a-213\"><\/div>\n<\/div>\n<\/div>\n<p><script>(function(d, s, id) {\nvar js, fjs = d.getElementsByTagName(s)(0);\nif (d.getElementById(id)) return;\njs = d.createElement(s); js.id = id;\njs.src = \"\/\/connect.facebook.net\/lt_LT\/sdk.js#xfbml=1&version=v2.10\";\nfjs.parentNode.insertBefore(js, fjs);\n}(document, 'script', 'facebook-jssdk'));<\/script><br \/>\n<br \/><br \/>\n<br \/><a href=\"https:\/\/miestonaujienos.lt\/kuciu-vakaras-prie-auksciausios-kaledu-egles\/\">Source link <\/a><\/p>\n","protected":false},"excerpt":{"rendered":"<p>Gruod\u017eio 24 d., nuo 23 val., suaugusieji ir vaikai kvie\u010diami \u012f gamtininko Tado Ivanausko Obelyn\u0117s sodyb\u0105 prie profesoriaus sodintos egl\u0117s, kuri per kelet\u0105 de\u0161imtme\u010di\u0173 u\u017eaugo iki 34 m ir \u0161iuo metu yra bene auk\u0161\u010diausias Kal\u0117d\u0173 medis Lietuvoje. Kal\u0117d\u0173 sutiktuvi\u0173 ir Obelyn\u0117s eglut\u0117s \u012f\u017eiebimo \u0161vent\u0117 vyks jau penktus metus i\u0161 eil\u0117s. Kauno rajono savivaldyb\u0117s muziejaus direktorius [&hellip;]<\/p>\n","protected":false},"author":1,"featured_media":1618,"comment_status":"","ping_status":"","sticky":false,"template":"","format":"standard","meta":{"om_disable_all_campaigns":false,"_monsterinsights_skip_tracking":false,"_monsterinsights_sitenote_active":false,"_monsterinsights_sitenote_note":"","_monsterinsights_sitenote_category":0,"footnotes":""},"categories":[951],"tags":[2333,195,1126,2332,1285,1798],"class_list":["post-1617","post","type-post","status-publish","format-standard","has-post-thumbnail","hentry","category-turizmas-ir-keliones","tag-auksciausios","tag-egles","tag-kaledu","tag-kuciu","tag-prie","tag-vakaras"],"aioseo_notices":[],"_links":{"self":[{"href":"https:\/\/patogusgyvenimas.lt\/index.php\/wp-json\/wp\/v2\/posts\/1617","targetHints":{"allow":["GET"]}}],"collection":[{"href":"https:\/\/patogusgyvenimas.lt\/index.php\/wp-json\/wp\/v2\/posts"}],"about":[{"href":"https:\/\/patogusgyvenimas.lt\/index.php\/wp-json\/wp\/v2\/types\/post"}],"author":[{"embeddable":true,"href":"https:\/\/patogusgyvenimas.lt\/index.php\/wp-json\/wp\/v2\/users\/1"}],"replies":[{"embeddable":true,"href":"https:\/\/patogusgyvenimas.lt\/index.php\/wp-json\/wp\/v2\/comments?post=1617"}],"version-history":[{"count":0,"href":"https:\/\/patogusgyvenimas.lt\/index.php\/wp-json\/wp\/v2\/posts\/1617\/revisions"}],"wp:featuredmedia":[{"embeddable":true,"href":"https:\/\/patogusgyvenimas.lt\/index.php\/wp-json\/wp\/v2\/media\/1618"}],"wp:attachment":[{"href":"https:\/\/patogusgyvenimas.lt\/index.php\/wp-json\/wp\/v2\/media?parent=1617"}],"wp:term":[{"taxonomy":"category","embeddable":true,"href":"https:\/\/patogusgyvenimas.lt\/index.php\/wp-json\/wp\/v2\/categories?post=1617"},{"taxonomy":"post_tag","embeddable":true,"href":"https:\/\/patogusgyvenimas.lt\/index.php\/wp-json\/wp\/v2\/tags?post=1617"}],"curies":[{"name":"wp","href":"https:\/\/api.w.org\/{rel}","templated":true}]}}