{"id":1523,"date":"2024-12-17T21:19:15","date_gmt":"2024-12-17T21:19:15","guid":{"rendered":"https:\/\/patogusgyvenimas.lt\/index.php\/2024\/12\/17\/ragina-atleisti-teisingumo-ministra-r-mocku-kas-vyksta-kaune\/"},"modified":"2024-12-17T21:19:15","modified_gmt":"2024-12-17T21:19:15","slug":"ragina-atleisti-teisingumo-ministra-r-mocku-kas-vyksta-kaune","status":"publish","type":"post","link":"https:\/\/patogusgyvenimas.lt\/index.php\/2024\/12\/17\/ragina-atleisti-teisingumo-ministra-r-mocku-kas-vyksta-kaune\/","title":{"rendered":"ragina atleisti teisingumo ministr\u0105 R. Mock\u0173 \u2013 Kas vyksta Kaune"},"content":{"rendered":"<p> <br \/>\n<\/p>\n<div>\n<p><strong>Lietuvos valstie\u010di\u0173 ir \u017eali\u0173j\u0173 s\u0105jungos (LV\u017dS) Moter\u0173 grup\u0117 kreip\u0117si \u012f prezident\u0105 Gitan\u0105 Naus\u0117d\u0105, pirm\u0105j\u0105 poni\u0105 Dian\u0105 Naus\u0117dien\u0119 bei Vyriausyb\u0117s vadov\u0105 Gintaut\u0105 Paluck\u0105, ragindama nedelsiant i\u0161 teisingumo ministro pareig\u0173 atleisti \u012f skandal\u0105 \u012fsiv\u0117lus\u012f Rimant\u0105 Mock\u0173.<\/strong><\/p>\n<p>\u201e\u0160is asmuo, b\u016bdamas policijos pareig\u016bnu, dalyvavo renginyje, kuriame buvo \u017eeminamas moters orumas. Neabejotina, kad toks elgesys neder\u0117jo su policijos pareig\u016bno, kuris turi serg\u0117ti Lietuvos pilie\u010dius ir pilietes, o ne ty\u010diotis ar juo labiau i\u0161naudoti moters k\u016bn\u0105, vardu\u201c, \u2013 ra\u0161oma partijos feisbuko paskyroje.<\/p>\n<p>\u201eTeisingumo ministro dalyvavimas renginyje su, anot jo, striptizo \u0161ok\u0117jomis, n\u0117ra suderinamas nei su profesiniais, nei su moraliniais standartais, kuri\u0173 tikimasi i\u0161 visuomen\u0117s lyderi\u0173. Akivaizdu, kad tai jau turi neigiamas pasekmes tiek politiko \u012fvaizd\u017eiui, tiek visuomen\u0117s pasitik\u0117jimui politine sistema ir policijos pareig\u016bnais \u2013 tuomet, kai vyko vie\u0161umoje aptarin\u0117jamas renginys, Teisingumo ministras buvo policijos pareig\u016bnas\u201c, \u2013 LV\u017dS Moter\u0173 grup\u0117s vardu teig\u0117 Guoda Burokien\u0117.<\/p>\n<p>Pirmadien\u012f TV3 televizija prane\u0161\u0117, kad Teisingumo ministerijai vadovauti prad\u0117j\u0119s R. Mockus prie\u0161 20 met\u0173 gal\u0117jo dalyvauti vakar\u0117lyje su prostitut\u0117mis.<\/p>\n<p>Kaip nurod\u0117 TV3 \u017einios, R. Mockus tokiame vakar\u0117lyje gal\u0117jo dalyvavo 2006 metais. Kaip anks\u010diau skelb\u0117 dienra\u0161tis \u201eLietuvos rytas\u201c, tai buvo tuome\u010dio Vilniaus miesto vyriausiojo policijos komisariato Ekologijos ir teis\u0117s pa\u017eeidim\u0173 skyriaus vadovo Algimanto Minkausko gimtadienis, kuriame striptiz\u0105 es\u0105 \u0161oko ir kitaip kompanij\u0105 linksmino merginos, parsiduodan\u010dios u\u017e pinigus. R. Mockus tuo metu dirbo min\u0117to komisariato skyriaus pareig\u016bnu.<\/p>\n<p>Antradien\u012f ministras pripa\u017eino, kad dalyvavo min\u0117tame renginyje, ta\u010diau, jo teigimu, priva\u010diame vakare dalyvavo ne prostitut\u0117, bet \u0161ok\u0117ja.<\/p>\n<p>\u201eTai buvo u\u017edaras, privatus vakar\u0117lis. Taip, \u0161iame vakar\u0117lyje dalyvavo \u0161ok\u0117ja. \u0160ok\u0117ja, su\u0161okusi \u0161ok\u012f kolektyvui, i\u0161 vakar\u0117lio i\u0161vyko\u201c, \u2013 Eltai teig\u0117 R. Mockus.<\/p>\n<p>\u201eAtsipra\u0161au, kad prie\u0161 20 met\u0173 dalyvavau vakar\u0117lyje, kuriame buvo \u0161okamas \u0161okis\u201c, \u2013 prid\u016br\u0117 jis.<\/p>\n<p>Savo ruo\u017etu Prezident\u016bra, reaguodama \u012f vie\u0161ojoje erdv\u0117je i\u0161kilusi\u0105 istorij\u0105, pa\u017eym\u0117jo, kad ministras turi i\u0161sklaidyti kilusias abejones d\u0117l\u00a0jo\u00a0praeities.<\/p>\n<\/p><\/div>\n<p><br \/>\n<br \/><a href=\"https:\/\/kaunas.kasvyksta.lt\/2024\/12\/17\/politika\/lvzs-moteru-grupe-kreipesi-i-prezidenta-ragina-atleisti-teisingumo-ministra-r-mocku\/\">Source link <\/a><\/p>\n","protected":false},"excerpt":{"rendered":"<p>Lietuvos valstie\u010di\u0173 ir \u017eali\u0173j\u0173 s\u0105jungos (LV\u017dS) Moter\u0173 grup\u0117 kreip\u0117si \u012f prezident\u0105 Gitan\u0105 Naus\u0117d\u0105, pirm\u0105j\u0105 poni\u0105 Dian\u0105 Naus\u0117dien\u0119 bei Vyriausyb\u0117s vadov\u0105 Gintaut\u0105 Paluck\u0105, ragindama nedelsiant i\u0161 teisingumo ministro pareig\u0173 atleisti \u012f skandal\u0105 \u012fsiv\u0117lus\u012f Rimant\u0105 Mock\u0173. \u201e\u0160is asmuo, b\u016bdamas policijos pareig\u016bnu, dalyvavo renginyje, kuriame buvo \u017eeminamas moters orumas. Neabejotina, kad toks elgesys neder\u0117jo su policijos pareig\u016bno, kuris [&hellip;]<\/p>\n","protected":false},"author":1,"featured_media":1524,"comment_status":"","ping_status":"","sticky":false,"template":"","format":"standard","meta":{"om_disable_all_campaigns":false,"_monsterinsights_skip_tracking":false,"_monsterinsights_sitenote_active":false,"_monsterinsights_sitenote_note":"","_monsterinsights_sitenote_category":0,"footnotes":""},"categories":[507],"tags":[2174,162,788,2175,2176,2173,2142,923],"class_list":["post-1523","post","type-post","status-publish","format-standard","has-post-thumbnail","hentry","category-salies-naujienos-aktualijos","tag-atleisti","tag-kas","tag-kaune","tag-ministra","tag-mocku","tag-ragina","tag-teisingumo","tag-vyksta"],"aioseo_notices":[],"_links":{"self":[{"href":"https:\/\/patogusgyvenimas.lt\/index.php\/wp-json\/wp\/v2\/posts\/1523","targetHints":{"allow":["GET"]}}],"collection":[{"href":"https:\/\/patogusgyvenimas.lt\/index.php\/wp-json\/wp\/v2\/posts"}],"about":[{"href":"https:\/\/patogusgyvenimas.lt\/index.php\/wp-json\/wp\/v2\/types\/post"}],"author":[{"embeddable":true,"href":"https:\/\/patogusgyvenimas.lt\/index.php\/wp-json\/wp\/v2\/users\/1"}],"replies":[{"embeddable":true,"href":"https:\/\/patogusgyvenimas.lt\/index.php\/wp-json\/wp\/v2\/comments?post=1523"}],"version-history":[{"count":0,"href":"https:\/\/patogusgyvenimas.lt\/index.php\/wp-json\/wp\/v2\/posts\/1523\/revisions"}],"wp:featuredmedia":[{"embeddable":true,"href":"https:\/\/patogusgyvenimas.lt\/index.php\/wp-json\/wp\/v2\/media\/1524"}],"wp:attachment":[{"href":"https:\/\/patogusgyvenimas.lt\/index.php\/wp-json\/wp\/v2\/media?parent=1523"}],"wp:term":[{"taxonomy":"category","embeddable":true,"href":"https:\/\/patogusgyvenimas.lt\/index.php\/wp-json\/wp\/v2\/categories?post=1523"},{"taxonomy":"post_tag","embeddable":true,"href":"https:\/\/patogusgyvenimas.lt\/index.php\/wp-json\/wp\/v2\/tags?post=1523"}],"curies":[{"name":"wp","href":"https:\/\/api.w.org\/{rel}","templated":true}]}}