{"id":1509,"date":"2024-12-16T21:18:29","date_gmt":"2024-12-16T21:18:29","guid":{"rendered":"https:\/\/patogusgyvenimas.lt\/index.php\/2024\/12\/16\/teisingumo-ministras-r-mockus-galejo-dalyvauti-vakarelyje-su-prostitutemis-kas-vyksta-kaune\/"},"modified":"2024-12-16T21:18:29","modified_gmt":"2024-12-16T21:18:29","slug":"teisingumo-ministras-r-mockus-galejo-dalyvauti-vakarelyje-su-prostitutemis-kas-vyksta-kaune","status":"publish","type":"post","link":"https:\/\/patogusgyvenimas.lt\/index.php\/2024\/12\/16\/teisingumo-ministras-r-mockus-galejo-dalyvauti-vakarelyje-su-prostitutemis-kas-vyksta-kaune\/","title":{"rendered":"Teisingumo ministras R. Mockus gal\u0117jo dalyvauti vakar\u0117lyje su prostitut\u0117mis \u2013 Kas vyksta Kaune"},"content":{"rendered":"<p> <br \/>\n<\/p>\n<div>\n<p><strong>Teisingumo ministro pareigas prad\u0117jus\u012f eiti Rimant\u0105 Mock\u0173 vejasi skandalinga praeitis. Kaip pirmadien\u012f prane\u0161\u0117 TV3 \u017einios, ministras prie\u0161 beveik 20 met\u0173 gal\u0117jo dalyvauti vakar\u0117lyje su u\u017e pinigus parsiduodan\u010diomis merginomis.<\/strong><\/p>\n<p>Kaip nurod\u0117 TV3 \u017einios, naujasis teisingumo ministras tokiame vakar\u0117lyje gal\u0117jo dalyvavo 2006 metais. Kaip anks\u010diau skelb\u0117 dienra\u0161tis \u201eLietuvos rytas\u201c, tai buvo Vilniaus miesto vyriausiojo policijos komisariato Ekologijos ir teis\u0117s pa\u017eeidim\u0173 skyriaus vadovo Algimanto Minkausko gimtadienis, kuriame striptiz\u0105 es\u0105 \u0161oko ir kitaip kompanij\u0105 linksmino merginos, parsiduodan\u010dios u\u017e pinigus.<\/p>\n<p>R. Mockus metu dirbo Vilniaus miesto vyriausiojo policijos komisariato Ekologijos ir teis\u0117s pa\u017eeidim\u0173 skyriaus pareig\u016bnu.<\/p>\n<p>Dienra\u0161tis \u201eLietuvos rytas\u201c buvo publikav\u0119s nuotraukas i\u0161 A. Minkausko gimtadienio vakar\u0117lio.<\/p>\n<p>Paklaustas, ar kartu su kitais pareig\u016bnais dalyvavo prostitu\u010di\u0173 apsuptyje vykusiame vakar\u0117lyje, R. Mockus nebuvo link\u0119s komentuoti situacijos.<\/p>\n<p>\u201e\u0160iuo klausimu nebus joki\u0173 komentar\u0173, nes negalima komentuoti ir a\u0161 turiu laikytis priva\u010di\u0173 rengini\u0173, nepriklausomai, kada ir kiek ten buvo ir ten yra \u017emon\u0117s, ir tikrai tokio komentaro \u0161iuo klausimu\u201c, \u2013 TV3 \u017einioms sak\u0117 naujasis R. Mockus.<\/p>\n<p>Partijos \u201eNemuno au\u0161ra\u201c, kuriai priklauso teisingumo ministro portfelis, lyderis Remigijus \u017demaitaitis teig\u0117 \u017einantis fakt\u0105 apie ministro dalyvavim\u0105 min\u0117tame vakar\u0117lyje.<\/p>\n<p>\u201eJis man i\u0161kart pasak\u0117, kad bus \u012fvykis, bus nuotraukos, kurios savu laiku buvo nu\u0161viestos ir parodytos, tai sakau: \u201eok\u201c. Nei tu pergyvenk, nei tu k\u0105, ar 15\u201320 met\u0173 senumo \u012fvyki\u0173 reikia bijoti\u201c, \u2013 \u017einiasklaidai teig\u0117 R. \u017demaitaitis. <\/p>\n<p>Tuo metu R. \u017demaitai\u010dio bendra\u017eyg\u0117, parlamentar\u0117 Agn\u0117 \u0160irinskien\u0117, i\u0161girdusi skandaling\u0105 fakt\u0105 apie R. Mock\u0173, sako, kad ministrui teks pasiai\u0161kinti. Anot jos, jei paai\u0161k\u0117s, kad tokiame vakar\u0117lyje dalyvauta, i\u0161 ministro tikimasi sulaukti atsipra\u0161ymo.<\/p>\n<p>\u201eTikrai nor\u0117t\u0173si, kad ministras, jei buvo tokios aplinkyb\u0117s \u2013 atsipra\u0161yt\u0173, tai, manau, geriausias b\u016bt\u0173 sprendimas tokioje situacijoje, kai kyla klausimai ir nebegali paai\u0161kinti. Jis yra vie\u0161as asmuo, a\u0161 vis\u0105 laik\u0105 tokiais atvejais sakau, kad turi b\u016bti ai\u0161k\u016bs atsakymai, nes ir mes dabar turime ai\u0161kintis, kas yra labai nemalonu ir, antra vertus, j\u016bs turite teis\u0119 \u017einoti apie ministro praeit\u012f\u201c, \u2013 sak\u0117 A. \u0160irinskien\u0117<\/p>\n<\/p><\/div>\n<p><br \/>\n<br \/><a href=\"https:\/\/kaunas.kasvyksta.lt\/2024\/12\/16\/politika\/teisingumo-ministras-r-mockus-galejo-dalyvauti-vakarelyje-su-prostitutemis\/\">Source link <\/a><\/p>\n","protected":false},"excerpt":{"rendered":"<p>Teisingumo ministro pareigas prad\u0117jus\u012f eiti Rimant\u0105 Mock\u0173 vejasi skandalinga praeitis. Kaip pirmadien\u012f prane\u0161\u0117 TV3 \u017einios, ministras prie\u0161 beveik 20 met\u0173 gal\u0117jo dalyvauti vakar\u0117lyje su u\u017e pinigus parsiduodan\u010diomis merginomis. Kaip nurod\u0117 TV3 \u017einios, naujasis teisingumo ministras tokiame vakar\u0117lyje gal\u0117jo dalyvavo 2006 metais. Kaip anks\u010diau skelb\u0117 dienra\u0161tis \u201eLietuvos rytas\u201c, tai buvo Vilniaus miesto vyriausiojo policijos komisariato Ekologijos [&hellip;]<\/p>\n","protected":false},"author":1,"featured_media":1510,"comment_status":"","ping_status":"","sticky":false,"template":"","format":"standard","meta":{"om_disable_all_campaigns":false,"_monsterinsights_skip_tracking":false,"_monsterinsights_sitenote_active":false,"_monsterinsights_sitenote_note":"","_monsterinsights_sitenote_category":0,"footnotes":""},"categories":[507],"tags":[2146,2145,162,788,2143,2144,2148,2142,2147,923],"class_list":["post-1509","post","type-post","status-publish","format-standard","has-post-thumbnail","hentry","category-salies-naujienos-aktualijos","tag-dalyvauti","tag-galejo","tag-kas","tag-kaune","tag-ministras","tag-mockus","tag-prostitutemis","tag-teisingumo","tag-vakarelyje","tag-vyksta"],"aioseo_notices":[],"_links":{"self":[{"href":"https:\/\/patogusgyvenimas.lt\/index.php\/wp-json\/wp\/v2\/posts\/1509","targetHints":{"allow":["GET"]}}],"collection":[{"href":"https:\/\/patogusgyvenimas.lt\/index.php\/wp-json\/wp\/v2\/posts"}],"about":[{"href":"https:\/\/patogusgyvenimas.lt\/index.php\/wp-json\/wp\/v2\/types\/post"}],"author":[{"embeddable":true,"href":"https:\/\/patogusgyvenimas.lt\/index.php\/wp-json\/wp\/v2\/users\/1"}],"replies":[{"embeddable":true,"href":"https:\/\/patogusgyvenimas.lt\/index.php\/wp-json\/wp\/v2\/comments?post=1509"}],"version-history":[{"count":0,"href":"https:\/\/patogusgyvenimas.lt\/index.php\/wp-json\/wp\/v2\/posts\/1509\/revisions"}],"wp:featuredmedia":[{"embeddable":true,"href":"https:\/\/patogusgyvenimas.lt\/index.php\/wp-json\/wp\/v2\/media\/1510"}],"wp:attachment":[{"href":"https:\/\/patogusgyvenimas.lt\/index.php\/wp-json\/wp\/v2\/media?parent=1509"}],"wp:term":[{"taxonomy":"category","embeddable":true,"href":"https:\/\/patogusgyvenimas.lt\/index.php\/wp-json\/wp\/v2\/categories?post=1509"},{"taxonomy":"post_tag","embeddable":true,"href":"https:\/\/patogusgyvenimas.lt\/index.php\/wp-json\/wp\/v2\/tags?post=1509"}],"curies":[{"name":"wp","href":"https:\/\/api.w.org\/{rel}","templated":true}]}}