{"id":1493,"date":"2024-12-15T20:54:11","date_gmt":"2024-12-15T20:54:11","guid":{"rendered":"https:\/\/patogusgyvenimas.lt\/index.php\/2024\/12\/15\/kaledu-senelio-rezidencija-uzventyje-sventinis-stebuklas-dovanojantis-magiskas-akimirkas\/"},"modified":"2024-12-15T20:54:11","modified_gmt":"2024-12-15T20:54:11","slug":"kaledu-senelio-rezidencija-uzventyje-sventinis-stebuklas-dovanojantis-magiskas-akimirkas","status":"publish","type":"post","link":"https:\/\/patogusgyvenimas.lt\/index.php\/2024\/12\/15\/kaledu-senelio-rezidencija-uzventyje-sventinis-stebuklas-dovanojantis-magiskas-akimirkas\/","title":{"rendered":"Kal\u0117d\u0173 Senelio rezidencija U\u017eventyje \u2013 \u0161ventinis stebuklas, dovanojantis magi\u0161kas akimirkas"},"content":{"rendered":"<p> <br \/>\n<\/p>\n<p><\/p>\n<p>U\u017eventyje, Kelm\u0117s rajone, nu\u0161vito \u0161ventin\u0117 pasaka \u2013 duris atv\u0117r\u0117 Kal\u0117d\u0173 Senelio rezidencija. \u0160is stebuklas kvie\u010dia visus \u2013 ma\u017eus ir didelius \u2013 pasinerti \u012f \u0161vies\u0173 ir \u017eiemos magijos apsupt\u012f.<\/p>\n<figure id=\"attachment_295583\" aria-describedby=\"caption-attachment-295583\" style=\"width: 923px\" class=\"wp-caption aligncenter\"><img decoding=\"async\" loading=\"lazy\" class=\"size-full wp-image-295583\" src=\"https:\/\/miestonaujienos.lt\/wp-content\/uploads\/2024\/12\/469597679-10212733886299842-4567083433729850504-n.jpg\" alt=\"\" width=\"923\" height=\"1230\" \/><figcaption id=\"caption-attachment-295583\" class=\"wp-caption-text\">Raimondos Urbietien\u0117s asm. archyvo nuotrauka<\/figcaption><\/figure>\n<p>Gruod\u017eio 7 d. \u012fvyk\u0119s rezidencijos atidarymas su\u017eav\u0117jo savo jaukumu ir \u0161iluma, o ypating\u0105 nuotaik\u0105 suk\u016br\u0117 nepakartojama Sniego F\u0117ja, \u012fk\u016bnyta Laimos \u010ceslauskait\u0117s. Jos pasirodymas, spinduliav\u0119s lengvumu ir elegancija, tapo vienu pagrindini\u0173 renginio akcent\u0173.<\/p>\n<figure id=\"attachment_295580\" aria-describedby=\"caption-attachment-295580\" style=\"width: 923px\" class=\"wp-caption aligncenter\"><img decoding=\"async\" loading=\"lazy\" class=\"size-full wp-image-295580\" src=\"https:\/\/miestonaujienos.lt\/wp-content\/uploads\/2024\/12\/469596980-10212733895180064-5717483876642135159-n.jpg\" alt=\"\" width=\"923\" height=\"1230\" \/><figcaption id=\"caption-attachment-295580\" class=\"wp-caption-text\">Raimondos Urbietien\u0117s asm. archyvo nuotrauka<\/figcaption><\/figure>\n<p>\u0160io stebuklo k\u016br\u0117jai \u2013\u00a0 du \u0161irdimi jauni senjorai \u2013 Regina Jonu\u0161kien\u0117 ir Antanukas. J\u0173 rankomis ir nei\u0161senkan\u010diu entuziazmu U\u017eventyje jau ne vienerius metus kuriama t\u016bkstan\u010di\u0173 \u0161vies\u0173 instaliacija.<\/p>\n<figure id=\"attachment_295581\" aria-describedby=\"caption-attachment-295581\" style=\"width: 923px\" class=\"wp-caption aligncenter\"><img decoding=\"async\" loading=\"lazy\" class=\"size-full wp-image-295581\" src=\"https:\/\/miestonaujienos.lt\/wp-content\/uploads\/2024\/12\/469620315-10212733895300067-2232706986567677236-n.jpg\" alt=\"\" width=\"923\" height=\"1230\" \/><figcaption id=\"caption-attachment-295581\" class=\"wp-caption-text\">Raimondos Urbietien\u0117s asm. archyvo nuotrauka<\/figcaption><\/figure>\n<p>Tai j\u0173 dovana bendruomenei \u2013 dovana, kuri \u0161ildo \u0161ird\u012f ir leid\u017eia bent trumpam sugr\u012f\u017eti \u012f vaikyst\u0117s Kal\u0117d\u0173 svajones.<\/p>\n<figure id=\"attachment_295579\" aria-describedby=\"caption-attachment-295579\" style=\"width: 923px\" class=\"wp-caption aligncenter\"><img decoding=\"async\" loading=\"lazy\" class=\"size-full wp-image-295579\" src=\"https:\/\/miestonaujienos.lt\/wp-content\/uploads\/2024\/12\/469676339-10212733894980059-314287175804449210-n.jpg\" alt=\"\" width=\"923\" height=\"1230\" \/><figcaption id=\"caption-attachment-295579\" class=\"wp-caption-text\">Raimondos Urbietien\u0117s asm. archyvo nuotrauka<\/figcaption><\/figure>\n<blockquote>\n<p>\u201e\u0160ios \u0161viesos, \u0161i magija \u2013 tai m\u016bs\u0173 b\u016bdas dovanoti d\u017eiaugsm\u0105 ir tik\u0117jim\u0105 Kal\u0117d\u0173 stebuklu visiems, kurie tuo tiki,\u201c \u2013 dalinasi rezidencijos k\u016br\u0117jai.<\/p>\n<\/blockquote>\n<figure id=\"attachment_295584\" aria-describedby=\"caption-attachment-295584\" style=\"width: 923px\" class=\"wp-caption aligncenter\"><img decoding=\"async\" loading=\"lazy\" class=\"size-full wp-image-295584\" src=\"https:\/\/miestonaujienos.lt\/wp-content\/uploads\/2024\/12\/469589626-10212733891659976-3149206788564081167-n.jpg\" alt=\"\" width=\"923\" height=\"1230\" \/><figcaption id=\"caption-attachment-295584\" class=\"wp-caption-text\">Raimondos Urbietien\u0117s asm. archyvo nuotrauka<\/figcaption><\/figure>\n<p>Visus, norin\u010dius patirti \u0161\u012f ypating\u0105 \u0161ventin\u012f jausm\u0105, kvie\u010diame aplankyti Kal\u0117d\u0173 Senelio rezidencij\u0105 J. Janonio g. 4, U\u017eventyje. Iki pat sausio 6 d. kiekvien\u0105 vakar\u0105 \u010dia gal\u0117site gro\u017e\u0117tis unikalia \u0161vies\u0173 instaliacija ir pasisemti tikros Kal\u0117d\u0173 dvasios.<\/p>\n<hr \/>\n<p><strong>Adresas<\/strong>: J. Janonio g. 4, U\u017eventis, Kelm\u0117s r.<br \/>\n<strong>Lankymo laikas<\/strong>: kas vakar\u0105 iki sausio 6 d.<\/p>\n<p>Leiskite \u0161viesoms nu\u0161viesti J\u016bs\u0173 \u017eiem\u0105, o \u0161irdims \u2013 pasinerti \u012f Kal\u0117d\u0173 nostalgij\u0105. U\u017eventis laukia J\u016bs\u0173!<\/p>\n<p><span style=\"font-size: 10pt\"><em>\u2022 Prane\u0161imas parengtas pagal Raimondos Urbietien\u0117s FB paskyros informacij\u0105<\/em><\/span><\/p>\n<p>\u0160ia publikacija dalinasi Lietuvos region\u0173 naujien\u0173 portalas \u201eMiesto naujienos\u201c. Daugiau sau ir savo miestui aktuali\u0173 naujien\u0173 rasite portale Miesto naujienos.<\/p>\n<p><br \/>\n<br \/><a href=\"https:\/\/miestonaujienos.lt\/kaledu-senelio-rezidencija-uzventyje-sventinis-stebuklas-dovanojantis-magiskas-akimirkas\/\">Source link <\/a><\/p>\n","protected":false},"excerpt":{"rendered":"<p>U\u017eventyje, Kelm\u0117s rajone, nu\u0161vito \u0161ventin\u0117 pasaka \u2013 duris atv\u0117r\u0117 Kal\u0117d\u0173 Senelio rezidencija. \u0160is stebuklas kvie\u010dia visus \u2013 ma\u017eus ir didelius \u2013 pasinerti \u012f \u0161vies\u0173 ir \u017eiemos magijos apsupt\u012f. Raimondos Urbietien\u0117s asm. archyvo nuotrauka Gruod\u017eio 7 d. \u012fvyk\u0119s rezidencijos atidarymas su\u017eav\u0117jo savo jaukumu ir \u0161iluma, o ypating\u0105 nuotaik\u0105 suk\u016br\u0117 nepakartojama Sniego F\u0117ja, \u012fk\u016bnyta Laimos \u010ceslauskait\u0117s. Jos [&hellip;]<\/p>\n","protected":false},"author":1,"featured_media":1494,"comment_status":"","ping_status":"","sticky":false,"template":"","format":"standard","meta":{"om_disable_all_campaigns":false,"_monsterinsights_skip_tracking":false,"_monsterinsights_sitenote_active":false,"_monsterinsights_sitenote_note":"","_monsterinsights_sitenote_category":0,"footnotes":""},"categories":[951],"tags":[2122,2120,1126,2121,2117,1505,1598,2119,2118],"class_list":["post-1493","post","type-post","status-publish","format-standard","has-post-thumbnail","hentry","category-turizmas-ir-keliones","tag-akimirkas","tag-dovanojantis","tag-kaledu","tag-magiskas","tag-rezidencija","tag-senelio","tag-stebuklas","tag-sventinis","tag-uzventyje"],"aioseo_notices":[],"_links":{"self":[{"href":"https:\/\/patogusgyvenimas.lt\/index.php\/wp-json\/wp\/v2\/posts\/1493","targetHints":{"allow":["GET"]}}],"collection":[{"href":"https:\/\/patogusgyvenimas.lt\/index.php\/wp-json\/wp\/v2\/posts"}],"about":[{"href":"https:\/\/patogusgyvenimas.lt\/index.php\/wp-json\/wp\/v2\/types\/post"}],"author":[{"embeddable":true,"href":"https:\/\/patogusgyvenimas.lt\/index.php\/wp-json\/wp\/v2\/users\/1"}],"replies":[{"embeddable":true,"href":"https:\/\/patogusgyvenimas.lt\/index.php\/wp-json\/wp\/v2\/comments?post=1493"}],"version-history":[{"count":0,"href":"https:\/\/patogusgyvenimas.lt\/index.php\/wp-json\/wp\/v2\/posts\/1493\/revisions"}],"wp:featuredmedia":[{"embeddable":true,"href":"https:\/\/patogusgyvenimas.lt\/index.php\/wp-json\/wp\/v2\/media\/1494"}],"wp:attachment":[{"href":"https:\/\/patogusgyvenimas.lt\/index.php\/wp-json\/wp\/v2\/media?parent=1493"}],"wp:term":[{"taxonomy":"category","embeddable":true,"href":"https:\/\/patogusgyvenimas.lt\/index.php\/wp-json\/wp\/v2\/categories?post=1493"},{"taxonomy":"post_tag","embeddable":true,"href":"https:\/\/patogusgyvenimas.lt\/index.php\/wp-json\/wp\/v2\/tags?post=1493"}],"curies":[{"name":"wp","href":"https:\/\/api.w.org\/{rel}","templated":true}]}}