{"id":1311,"date":"2024-12-03T19:52:53","date_gmt":"2024-12-03T19:52:53","guid":{"rendered":"https:\/\/patogusgyvenimas.lt\/index.php\/2024\/12\/03\/savaitgali-birstonas-iziebs-kaledu-egle-ir-atvers-sventiniu-renginiu-sezona-menuo-kupinas-muzikos-meno-ir-kaledines-magijos\/"},"modified":"2024-12-03T19:52:53","modified_gmt":"2024-12-03T19:52:53","slug":"savaitgali-birstonas-iziebs-kaledu-egle-ir-atvers-sventiniu-renginiu-sezona-menuo-kupinas-muzikos-meno-ir-kaledines-magijos","status":"publish","type":"post","link":"https:\/\/patogusgyvenimas.lt\/index.php\/2024\/12\/03\/savaitgali-birstonas-iziebs-kaledu-egle-ir-atvers-sventiniu-renginiu-sezona-menuo-kupinas-muzikos-meno-ir-kaledines-magijos\/","title":{"rendered":"Savaitgal\u012f Bir\u0161tonas \u012f\u017eiebs Kal\u0117d\u0173 egl\u0119 ir atvers \u0161ventini\u0173 rengini\u0173 sezon\u0105: m\u0117nuo kupinas muzikos, meno ir kal\u0117din\u0117s magijos"},"content":{"rendered":"<p> <br \/>\n<\/p>\n<p><\/p>\n<div>\n<p>Su \u0161\u016bkiu \u201eI\u0161pildyk nor\u0105 Bir\u0161tone!\u201c kurortas pradeda gra\u017eiausi\u0173 met\u0173 \u0161ven\u010di\u0173 sezon\u0105. \u0160\u012f \u0161e\u0161tadien\u012f, gruod\u017eio 7 d., 17 val., centrin\u0117je J. Basanavi\u010diaus aik\u0161t\u0117je bus \u012f\u017eiebta Kal\u0117d\u0173 egl\u0117.<\/p>\n<p>Kurorto gatves nu\u0161vies tradicinis oreivi\u0173 paradas, \u0161vent\u0117s dalyvius sveikins Kal\u0117d\u0173 senelis, atlik\u0117jai Martynas Kavaliauskas ir Gebrasy, dang\u0173 papuo\u0161 \u012fsp\u016bdingas lazeri\u0173 \u0161ou.<\/p>\n<blockquote>\n<p>\u201eKal\u0117dos Bir\u0161tono kurorte \u2013 visuomet laukiamos, viltingos ir jaukios. \u0160i\u0173 met\u0173 \u0161\u016bkis \u2013 \u201eI\u0161pildyk nor\u0105 Bir\u0161tone!\u201c \u2013 primena, kad gruodis yra stebukl\u0173 metas. Tikiu, kad geroji kurorto dvasia ir \u0161ventin\u0117 nuotaika apgaubs ir su\u0161ildys kiekvien\u0105, o Bir\u0161tonas taps ta vieta, kur pildosi norai. Tam paruo\u0161\u0117me turining\u0105 \u0161ventin\u0119 program\u0105, kuri sujungs men\u0105, muzik\u0105 ir bendruomen\u0117s d\u017eiaugsm\u0105\u201c, \u2013 teigia Bir\u0161tono savivaldyb\u0117s mer\u0117 Nijol\u0117 Dirgin\u010dien\u0117.<\/p>\n<\/blockquote>\n<h2 id='kurorto-egl\u0117s-\u012f\u017eiebimas-tradici\u0161kai-netradicinis'>Kurorto egl\u0117s \u012f\u017eiebimas \u2013 tradici\u0161kai netradicinis<\/h2>\n<p>\u0160e\u0161tadien\u012f eglut\u0117s \u012f\u017eiebimo ceremonija prasid\u0117s kal\u0117diniu karavanu, kur\u012f sudarys Bir\u0161tono kurorto simbolio \u2013 oreivi\u0173 \u2013 kolona. Oreivi\u0173 paradas kurorto sve\u010diams padovanos \u012fsp\u016bding\u0105 ugnies regin\u012f.<\/p>\n<p>Be to, kal\u0117diniu karavanu tiesiai \u012f \u0161vent\u0117s viet\u0105, J. Basanavi\u010diaus aik\u0161t\u0119, atvyks ir Kal\u0117d\u0173 senelis, kuriam pakili\u0105 nuotaik\u0105 \u0161vent\u0117s metu pad\u0117s kurti atlik\u0117jai Martynas Kavaliauskas ir Gebrasy. Ma\u017e\u0173j\u0173 \u0161vent\u0117s dalyvi\u0173 lauks speciali programa, o kurorto padang\u0119 nu\u0161vies ne tik su\u017eibusi kurorto egl\u0117, bet ir \u012fsp\u016bdingas lazeri\u0173 \u0161ou.<\/p>\n<p>Pagrindin\u0117 kurorto egl\u0117 \u0161iemet pasipuo\u0161 daugybe baltos \u0161viesos lempu\u010di\u0173, o j\u0105 sups ma\u017ei eglu\u010di\u0173 mi\u0161keliai bei magi\u0161k\u0105 atmosfer\u0105 kuriantys \u017eibintai. Tokie eglu\u010di\u0173 mi\u0161keliai \u012fsikurs visame mieste.<\/p>\n<p>Kneipo parke taip pat lauks \u0161ventin\u0117 erdv\u0117 su \u0161vie\u010dian\u010diomis arkomis, tad viet\u0173 pasigro\u017e\u0117ti ir \u012fsiam\u017einti su \u0161eima tikrai bus. Nat\u016brali\u0105 11 metr\u0173 auk\u0161\u010dio \u017ealiaskar\u0119 miestui padovanojo asmuo, kil\u0119s i\u0161 Kernuvi\u0173 kaimo Bir\u0161tono savivaldyb\u0117je, ji kurorto sve\u010dius ir gyventojus d\u017eiugins iki 2025 m. sausio 6 d.<\/p>\n<h2 id='gruodis-susitikim\u0173-ir-rengini\u0173-m\u0117nuo'>Gruodis \u2013 susitikim\u0173 ir rengini\u0173 m\u0117nuo<\/h2>\n<p>Tradici\u0161kai eglut\u0117s \u012f\u017eiebimo \u0161vent\u0117 prad\u0117s \u0161ventini\u0173 rengini\u0173 bei pasi\u016blym\u0173 kurorte sezon\u0105. Meno myl\u0117tojus sudomins religinio meno paroda \u201eGloria Deo\u201c bei fotografijos\u00a0 darb\u0173 paroda \u201eAlmanachas 2024\u201c, eksponuojama Bir\u0161tono kurhauze. Atsinaujin\u0119s Bir\u0161tono muziejus kvie\u010dia pamatyti parodas \u201eMeninink\u0173 atostogos tarpukariu\u201c ir \u201eTarp chaoso ir ai\u0161kumo\u201c. Gruod\u017eio 26-27 d. \u0161eimoms si\u016bloma apsilankyti edukacijoje \u201eKal\u0117din\u0117 cukraus pasaka\u201c ir i\u0161mokti cukraus lipdymo ypatybi\u0173.<\/p>\n<p>Muzikos gerb\u0117jai tur\u0117s i\u0161skirtin\u0119 prog\u0105 m\u0117gautis \u012fvairi\u0173 \u017eanr\u0173 koncertais: nuo d\u017eiazo iki nostalgi\u0161k\u0173 Stasio Povilai\u010dio dain\u0173. Gruod\u017eio 12 d. Bir\u0161tono kurhauze skamb\u0117s d\u017eiazo koncertas (K. Osgood, S. Kjaergaard ir L. Mock\u016bnas), gruod\u017eio 14 d. atvyksta tarptautinis miuziklas \u201eBaltican Carmen \u0160ou\u201c. Taip pat, paskutin\u012f met\u0173 m\u0117nes\u012f kurorte skamb\u0117s R\u016btos \u0160\u010diogolevait\u0117s bei Oneidos Kunsungos ir Liepos Mondeikait\u0117s balsai. Gruod\u017eio 26 d. \u2013 legendinio Stasio Povilai\u010dio dain\u0173 vakaras su Liudu Mikalausku ir Egidijumi Bavikinu.<\/p>\n<p>\u0160ventinis laikotarpis nuspalvintas ir teatro \u012fvykiais. \u017di\u016brov\u0173 laukia re\u017e. Antano Obcarsko spektaklis-komedija \u201eAtvira pora\u201c, kur\u012f geriausiai apib\u016bdina \u017eod\u017eiai: vyras, \u017emona, santuoka, kriz\u0117, o gruod\u017eio 31 d. \u2013 papildomas re\u017e. Rolando Kazlo spektaklis \u201eSenjorai\u201c. Tai \u0161ilta ir atvira istorija apie senatv\u0119, kuri\u0105 jautriai ir \u017eaismingai pasakoja \u017einomi Lietuvos teatro aktoriai.<\/p>\n<p>Vienas svarbiausi\u0173 klausim\u0173 met\u0173 pabaigoje: kur sutikti Naujuosius metus? Bir\u0161tone viet\u0173 linksmai prad\u0117ti 2025 metus tikrai netr\u016bks. Pasak Bir\u0161tono turizmo informacijos centro direktor\u0117s R\u016btos Kapa\u010dinskait\u0117s, kurorto sanatorijos ir SPA centrai paruo\u0161\u0117 i\u0161skirtines naujametines programas: nuo diskotek\u0173 ir muzikini\u0173 vakar\u0117li\u0173 iki \u0161ventini\u0173 vakarieni\u0173, \u017eadan\u010di\u0173 neeilines gurmani\u0161kas akimirkas.<\/p>\n<blockquote>\n<p>\u201eKiekvienam pagal skon\u012f \u2013 taip apib\u016bdin\u010diau \u0161i\u0173 met\u0173 \u0161ventinius pasi\u016blymus. Kurorto apgyvendinimo \u012fstaigos pasiruo\u0161usios priimti sve\u010dius tiek ramiam, atpalaiduojan\u010diam poilsiui su \u0161eima, tiek stilingiems vakar\u0117liams su draugais\u201c, \u00ad\u2013 teigia R. Kapa\u010dinskait\u0117.<\/p>\n<\/blockquote>\n<p>I\u0161sami \u0161ventini\u0173 rengini\u0173 programa: \u00a0www.visitbirstonas.lt<\/p>\n<\/div>\n<p>\u0160ia publikacija dalinasi Lietuvos region\u0173 naujien\u0173 portalas \u201eMiesto naujienos\u201c. Daugiau sau ir savo miestui aktuali\u0173 naujien\u0173 rasite portale Miesto naujienos.<\/p>\n<p><br \/>\n<br \/><a href=\"https:\/\/miestonaujienos.lt\/savaitgali-birstonas-iziebs-kaledu-egle-ir-atvers-sventiniu-renginiu-sezona-menuo-kupinas-muzikos-meno-ir-kaledines-magijos\/\">Source link <\/a><\/p>\n","protected":false},"excerpt":{"rendered":"<p>Su \u0161\u016bkiu \u201eI\u0161pildyk nor\u0105 Bir\u0161tone!\u201c kurortas pradeda gra\u017eiausi\u0173 met\u0173 \u0161ven\u010di\u0173 sezon\u0105. \u0160\u012f \u0161e\u0161tadien\u012f, gruod\u017eio 7 d., 17 val., centrin\u0117je J. Basanavi\u010diaus aik\u0161t\u0117je bus \u012f\u017eiebta Kal\u0117d\u0173 egl\u0117. Kurorto gatves nu\u0161vies tradicinis oreivi\u0173 paradas, \u0161vent\u0117s dalyvius sveikins Kal\u0117d\u0173 senelis, atlik\u0117jai Martynas Kavaliauskas ir Gebrasy, dang\u0173 papuo\u0161 \u012fsp\u016bdingas lazeri\u0173 \u0161ou. \u201eKal\u0117dos Bir\u0161tono kurorte \u2013 visuomet laukiamos, viltingos ir [&hellip;]<\/p>\n","protected":false},"author":1,"featured_media":1312,"comment_status":"","ping_status":"","sticky":false,"template":"","format":"standard","meta":{"om_disable_all_campaigns":false,"_monsterinsights_skip_tracking":false,"_monsterinsights_sitenote_active":false,"_monsterinsights_sitenote_note":"","_monsterinsights_sitenote_category":0,"footnotes":""},"categories":[951],"tags":[1817,1816,1292,1291,499,1126,789,1821,1652,1215,1820,1819,1021,20,1818],"class_list":["post-1311","post","type-post","status-publish","format-standard","has-post-thumbnail","hentry","category-turizmas-ir-keliones","tag-atvers","tag-birstonas","tag-egle","tag-iziebs","tag-kaledines","tag-kaledu","tag-kupinas","tag-magijos","tag-meno","tag-menuo","tag-muzikos","tag-renginiu","tag-savaitgali","tag-sezona","tag-sventiniu"],"aioseo_notices":[],"_links":{"self":[{"href":"https:\/\/patogusgyvenimas.lt\/index.php\/wp-json\/wp\/v2\/posts\/1311","targetHints":{"allow":["GET"]}}],"collection":[{"href":"https:\/\/patogusgyvenimas.lt\/index.php\/wp-json\/wp\/v2\/posts"}],"about":[{"href":"https:\/\/patogusgyvenimas.lt\/index.php\/wp-json\/wp\/v2\/types\/post"}],"author":[{"embeddable":true,"href":"https:\/\/patogusgyvenimas.lt\/index.php\/wp-json\/wp\/v2\/users\/1"}],"replies":[{"embeddable":true,"href":"https:\/\/patogusgyvenimas.lt\/index.php\/wp-json\/wp\/v2\/comments?post=1311"}],"version-history":[{"count":0,"href":"https:\/\/patogusgyvenimas.lt\/index.php\/wp-json\/wp\/v2\/posts\/1311\/revisions"}],"wp:featuredmedia":[{"embeddable":true,"href":"https:\/\/patogusgyvenimas.lt\/index.php\/wp-json\/wp\/v2\/media\/1312"}],"wp:attachment":[{"href":"https:\/\/patogusgyvenimas.lt\/index.php\/wp-json\/wp\/v2\/media?parent=1311"}],"wp:term":[{"taxonomy":"category","embeddable":true,"href":"https:\/\/patogusgyvenimas.lt\/index.php\/wp-json\/wp\/v2\/categories?post=1311"},{"taxonomy":"post_tag","embeddable":true,"href":"https:\/\/patogusgyvenimas.lt\/index.php\/wp-json\/wp\/v2\/tags?post=1311"}],"curies":[{"name":"wp","href":"https:\/\/api.w.org\/{rel}","templated":true}]}}