{"id":1229,"date":"2024-11-26T20:06:39","date_gmt":"2024-11-26T20:06:39","guid":{"rendered":"https:\/\/patogusgyvenimas.lt\/index.php\/2024\/11\/26\/kelmes-krasto-bendruomeniu-pasiruokavima\/"},"modified":"2024-11-26T20:06:39","modified_gmt":"2024-11-26T20:06:39","slug":"kelmes-krasto-bendruomeniu-pasiruokavima","status":"publish","type":"post","link":"https:\/\/patogusgyvenimas.lt\/index.php\/2024\/11\/26\/kelmes-krasto-bendruomeniu-pasiruokavima\/","title":{"rendered":"Kelm\u0117s kra\u0161to bendruomeni\u0173 pasiruokavim\u0105"},"content":{"rendered":"<p> <br \/>\n<\/p>\n<p><\/p>\n<p>Lapkri\u010dio 22 d. U\u017even\u010dio kult\u016bros centre vyko 11-asis tradicinis Kelm\u0117s kra\u0161to bendruomeni\u0173 renginys ,,Kelm\u0117s kra\u0161to bendruomeni\u0173 pasiruokavim\u0105\u201c, kuriame dalyvavo vis\u0173 10 rajono kaimi\u0161k\u0173j\u0173 seni\u016bnij\u0173 bendruomeni\u0173 nariai. \u0160i\u0173 met\u0173 renginys skirtas \u017demai\u010di\u0173 kalbos ir \u017eemaiti\u0161ko ra\u0161to 2024 metams pamin\u0117ti.<\/p>\n<p>Pad\u0117koti bendruomen\u0117ms u\u017e savanori\u0161kos veiklos skatinim\u0105 bei k\u016brybines iniciatyvas, kurios padeda kurti pilieti\u0161k\u0105 visuomen\u0119 Kelm\u0117s rajone, \u012f rengin\u012f atvyko Kelm\u0117s rajono meras Ildefonsas Petkevi\u010dius su patar\u0117ju ry\u0161iams su visuomene ir \u017einiasklaida klausimais Justinu Drapanausku.<\/p>\n<p>\u0160e\u0161ioms kaimo bendruomen\u0117ms, Vaiguvos jaunimo bendruomenei ,,Lyderiai\u201c ir Kolaini\u0173 kaimo bendruomenei \u2013 10 met\u0173, Butki\u0161k\u0117s, Kuke\u010di\u0173, Pak\u0117vio ir Vidsod\u017eio kaimo bendruomen\u0117ms \u2013 15 met\u0173, \u0161iemet \u0161ven\u010dian\u010dioms jubiliejinius veiklos metus, \u012fteikti mero pad\u0117kos ra\u0161tai ir atminimo dovanos.<\/p>\n<p>Kelm\u0117s rajono policijos komisariato bendruomen\u0117s pareig\u016bn\u0117 Vilma Ancikevi\u010dien\u0117 taip pat prisid\u0117jo prie jubiliejini\u0173 sveikinim\u0173 su did\u017eiuliu gimtadienio tortu, o \u017dalpi\u0173, Kuke\u010di\u0173, Va\u0161il\u0117n\u0173, Kolaini\u0173, Butki\u0161k\u0117s, Vijurk\u0173 bendruomen\u0117ms, aktyviausiai prisid\u0117jusioms prie saugios kaimynyst\u0117s iniciatyv\u0173 \u012fgyvendinimo bei pagalb\u0105 policijai, \u012fteik\u0117 atminimo dovan\u0117les.<\/p>\n<figure id=\"attachment_294075\" aria-describedby=\"caption-attachment-294075\" style=\"width: 1140px\" class=\"wp-caption aligncenter\"><img decoding=\"async\" loading=\"lazy\" class=\"size-full wp-image-294075\" src=\"https:\/\/miestonaujienos.lt\/wp-content\/uploads\/2024\/11\/2024-11-26-11-01-36-kelmes-krasto-bendruomeniu-pasiruokavima-kelmes-rajono-savivaldybe.jpg\" alt=\"\" width=\"1140\" height=\"770\" \/><figcaption id=\"caption-attachment-294075\" class=\"wp-caption-text\">U\u017even\u010dio kult\u016bros centro administrator\u0117s Indr\u0117s Domeikien\u0117s nuotrauk\u0173 kolia\u017eas<\/figcaption><\/figure>\n<p>Dovan\u0173 ir pad\u0117k\u0173 rajono bendruomen\u0117ms nestigo \u2013 sveikino Kelm\u0117s kra\u0161to partneryst\u0117s vietos veiklos grup\u0117s pirminink\u0117 Nel\u0117 \u017delvien\u0117, U\u017even\u010dio ir Vaiguvos seni\u016bnij\u0173 seni\u016bnai Linas Ma\u010dernius, Alvydas Luko\u0161ius, Kelm\u0117s kra\u0161to bendruomeni\u0173 s\u0105jungos pirminink\u0117 Dalia Skard\u017eiuvien\u0117.<\/p>\n<p>Renginys finansuotas Lietuvos Respublikos \u017dem\u0117s \u016bkio ministerijos pagal Nacionalin\u0117s paramos kaimo bendruomeni\u0173 veiklai teikimo taisykli\u0173 III veiklos srities \u201eRengini\u0173 organizavimas\u201c projekt\u0105 ,,Kelm\u0117s kra\u0161to bendruomeni\u0173 pasiruokavim\u0105\u201c ir Kelm\u0117s rajono savivaldyb\u0117s l\u0117\u0161omis. Projekt\u0105 \u012fgyvendino Kelm\u0117s kra\u0161to bendruomeni\u0173 s\u0105junga, prie projekto veikl\u0173 \u012fgyvendinimo prisid\u0117jo U\u017even\u010dio bendruomen\u0117 ,,Venta\u201c.<\/p>\n<p><span style=\"font-size: 10pt\"><em>\u2022 Informacij\u0105 pareng\u0117 Kelm\u0117s kra\u0161to bendruomeni\u0173 s\u0105jungos pirminink\u0117 Dalia Skard\u017eiuvien\u0117<\/em><\/span><\/p>\n<p>\u0160ia publikacija dalinasi Lietuvos region\u0173 naujien\u0173 portalas \u201eMiesto naujienos\u201c. Daugiau sau ir savo miestui aktuali\u0173 naujien\u0173 rasite portale Miesto naujienos.<\/p>\n<p><br \/>\n<br \/><a href=\"https:\/\/miestonaujienos.lt\/kelmes-krasto-bendruomeniu-pasiruokavima\/\">Source link <\/a><\/p>\n","protected":false},"excerpt":{"rendered":"<p>Lapkri\u010dio 22 d. U\u017even\u010dio kult\u016bros centre vyko 11-asis tradicinis Kelm\u0117s kra\u0161to bendruomeni\u0173 renginys ,,Kelm\u0117s kra\u0161to bendruomeni\u0173 pasiruokavim\u0105\u201c, kuriame dalyvavo vis\u0173 10 rajono kaimi\u0161k\u0173j\u0173 seni\u016bnij\u0173 bendruomeni\u0173 nariai. \u0160i\u0173 met\u0173 renginys skirtas \u017demai\u010di\u0173 kalbos ir \u017eemaiti\u0161ko ra\u0161to 2024 metams pamin\u0117ti. Pad\u0117koti bendruomen\u0117ms u\u017e savanori\u0161kos veiklos skatinim\u0105 bei k\u016brybines iniciatyvas, kurios padeda kurti pilieti\u0161k\u0105 visuomen\u0119 Kelm\u0117s rajone, \u012f [&hellip;]<\/p>\n","protected":false},"author":1,"featured_media":1230,"comment_status":"","ping_status":"","sticky":false,"template":"","format":"standard","meta":{"om_disable_all_campaigns":false,"_monsterinsights_skip_tracking":false,"_monsterinsights_sitenote_active":false,"_monsterinsights_sitenote_note":"","_monsterinsights_sitenote_category":0,"footnotes":""},"categories":[940],"tags":[1673,1671,1672,1674],"class_list":["post-1229","post","type-post","status-publish","format-standard","has-post-thumbnail","hentry","category-laisvalaikis-ir-kultura","tag-bendruomeniu","tag-kelmes","tag-krasto","tag-pasiruokavima"],"aioseo_notices":[],"_links":{"self":[{"href":"https:\/\/patogusgyvenimas.lt\/index.php\/wp-json\/wp\/v2\/posts\/1229","targetHints":{"allow":["GET"]}}],"collection":[{"href":"https:\/\/patogusgyvenimas.lt\/index.php\/wp-json\/wp\/v2\/posts"}],"about":[{"href":"https:\/\/patogusgyvenimas.lt\/index.php\/wp-json\/wp\/v2\/types\/post"}],"author":[{"embeddable":true,"href":"https:\/\/patogusgyvenimas.lt\/index.php\/wp-json\/wp\/v2\/users\/1"}],"replies":[{"embeddable":true,"href":"https:\/\/patogusgyvenimas.lt\/index.php\/wp-json\/wp\/v2\/comments?post=1229"}],"version-history":[{"count":0,"href":"https:\/\/patogusgyvenimas.lt\/index.php\/wp-json\/wp\/v2\/posts\/1229\/revisions"}],"wp:featuredmedia":[{"embeddable":true,"href":"https:\/\/patogusgyvenimas.lt\/index.php\/wp-json\/wp\/v2\/media\/1230"}],"wp:attachment":[{"href":"https:\/\/patogusgyvenimas.lt\/index.php\/wp-json\/wp\/v2\/media?parent=1229"}],"wp:term":[{"taxonomy":"category","embeddable":true,"href":"https:\/\/patogusgyvenimas.lt\/index.php\/wp-json\/wp\/v2\/categories?post=1229"},{"taxonomy":"post_tag","embeddable":true,"href":"https:\/\/patogusgyvenimas.lt\/index.php\/wp-json\/wp\/v2\/tags?post=1229"}],"curies":[{"name":"wp","href":"https:\/\/api.w.org\/{rel}","templated":true}]}}