{"id":1197,"date":"2024-11-23T18:12:06","date_gmt":"2024-11-23T18:12:06","guid":{"rendered":"https:\/\/patogusgyvenimas.lt\/index.php\/2024\/11\/23\/kaunieciai-plusta-i-vienybes-aikste-kur-netrukus-bus-iziebta-eglute-foto-kas-vyksta-kaune\/"},"modified":"2024-11-23T18:12:06","modified_gmt":"2024-11-23T18:12:06","slug":"kaunieciai-plusta-i-vienybes-aikste-kur-netrukus-bus-iziebta-eglute-foto-kas-vyksta-kaune","status":"publish","type":"post","link":"https:\/\/patogusgyvenimas.lt\/index.php\/2024\/11\/23\/kaunieciai-plusta-i-vienybes-aikste-kur-netrukus-bus-iziebta-eglute-foto-kas-vyksta-kaune\/","title":{"rendered":"Kaunie\u010diai pl\u016bsta \u012f Vienyb\u0117s aik\u0161t\u0119, kur netrukus bus \u012f\u017eiebta eglut\u0117 (foto) \u2013 Kas vyksta Kaune"},"content":{"rendered":"<p> <br \/>\n<\/p>\n<div>\n<p><strong>\u012e Vienyb\u0117s aik\u0161t\u0119 pl\u016bsta minios \u0161venti\u0161kai nusiteikusi\u0173 kaunie\u010di\u0173 \u2013 \u010dia netrukus bus \u012f\u017eiebta pagrindin\u0117 miesto Kal\u0117din\u0117 egl\u0117. \u012e renginio viet\u0105 besirenkan\u010di\u0173 miestie\u010di\u0173 laukia ir \u012fsp\u016bdingas \u0161ventinis koncertas, kuriame \u0161\u012f vakar\u0105 d\u017eiaugsm\u0105 dovanos ir b\u016brys \u017einom\u0173 atlik\u0117j\u0173. \u0160io vakaro tema \u2013 jaukios Kal\u0117dos, ir tai i\u0161ties matoma \u2013 miestas net \u017eiba, o \u0161vent\u0117s dalyvi\u0173 nuotaikos \u2013 puikios, visi laukia i\u0161kilmingo meduoliais padabintos ir kvepian\u010dios \u017ealiaskar\u0117s \u012f\u017eiebimo.<\/strong><\/p>\n<p><\/p>\n<p>Kal\u0117din\u0117 nuotaika tvyro ne tik Vienyb\u0117s aik\u0161t\u0117je, ta\u010diau ir visame Kauno centre. Laisv\u0117s al\u0117ja su\u017eibo t\u016bkstan\u010diais lempu\u010di\u0173, o senamies\u010dio Vilniaus gatv\u0117je kaunie\u010dius d\u017eiugina \u0161imtai i\u0161sirikiavusi\u0173 \u017ealiaskari\u0173. Net pagrindinis miesto fontanas, esantis Laisv\u0117s al\u0117joje, pasipuo\u0161\u0117 nauja dekoracija \u2013 tarsi su\u0161alusiais vandens purslais, tryk\u0161tan\u010diais \u012f visas puses ir pasidabinusiais \u017eiban\u010diu \u0161erk\u0161nu.<\/p>\n<p>\u012e Vienyb\u0117s aik\u0161t\u0119 susirinkusius \u017ei\u016brovus pasitinka gausyb\u0117 \u017e\u0117rin\u010di\u0173 \u0161vies\u0173 ir \u012fsp\u016bdingo dyd\u017eio scena.<\/p>\n<p><strong>Scenoje \u2013 b\u016brys \u017evaig\u017ed\u017ei\u0173<\/strong><\/p>\n<p>Egl\u0117s \u012f\u017eiebimo koncertas prasid\u0117s 19.30 val.<\/p>\n<p>Ant scenos kaunie\u010diai \u0161\u012f vakar\u0105 i\u0161vys tokius atlik\u0117jus kaip Silvester Belt, \u201eThe Roop\u201c, Justinas Lapatinskas, Karina Krysko, Jeronimas Milius, Evgenya Redko, Justinas Jarutis, Gabrielius Vagelis, Ieva Narkut\u0117, Kata\u017eina Zvonkuvien\u0117, Ir\u016bna Puzarait\u0117, Dainotas Varnas, Saulius Pr\u016bsaitis, \u201eBiplan\u201c ir kitus.<\/p>\n<p>Renginio ved\u0117jais taps Dainius Kazlauskas ir \u012f Kaun\u0105 rog\u0117mis atskrid\u0119s Senelis Kal\u0117da.<\/p>\n<p>Primename, jog eglut\u0117s \u012f\u017eiebimo rengin\u012f \u0161iais metais organizuoja visiems pa\u017e\u012fstamas ir ne vien\u0105 rengin\u012f mieste jau organizav\u0119s kaunietis, re\u017eisierius bei aktorius Andrius \u017diurauskas.<\/p>\n<p><strong>\u017dib\u0117s ne tik egl\u0117, bet ir pastatai<\/strong><\/p>\n<p>Tuo metu \u0161vent\u0117s re\u017eisierius Andrius \u017diurauskas pabr\u0117\u017e\u0117, kad \u0161iais metais \u012fsp\u016bdinga bus ne tik Kal\u0117d\u0173 egl\u0117, bet ir visa \u012f\u017eiebimo ceremonija.<\/p>\n<p>\u201ePo ilgo laiko turiu malonum\u0105 b\u016bti eglut\u0117s \u012f\u017eiebimo organizatoriumi ir re\u017eisieriumi. Pats geriausias dalykas, kuris gali nutikti \u2013 ka\u017ek\u0105 daryti aik\u0161t\u0117je pirm\u0105 kart\u0105. Tada yra nei\u0161naudotos galimyb\u0117s, o \u012f aplinkinius pastatus \u017ei\u016bri kaip \u012f potencial\u0105 \u2013 Vienyb\u0117s aik\u0161t\u0117 yra tokia \u0161viesi, tiesiog kvie\u010dia visus atspind\u017eius. Mes su kolegomis pie\u0161dami ir bera\u0161ydami \u0161vent\u0117s scenarij\u0173 kaifavome ir esame pasiruo\u0161\u0119 padovanoti miestui pat\u012f did\u017eiausi\u0105 stebukl\u0105\u201c, \u2013 teig\u0117 A. \u017diurauskas, tik\u0117damasis, kad oras \u0161ventei bus palankus.<\/p>\n<p>\u201eKas vyksta Kaune\u201c primena, jog \u0161iais metais, pirm\u0105 kart\u0105 per 16 met\u0173, pagrindin\u0117 miesto egl\u0117 gyventoj\u0173 lauks ne Rotu\u0161\u0117s, o Vienyb\u0117s aik\u0161t\u0117je. Toks sprendimas priimtas d\u0117l neseniai Rotu\u0161\u0117s aik\u0161t\u0117je vykusi\u0173 archeologini\u0173 kasin\u0117jim\u0173 ir tur\u0117sian\u010di\u0173 prasid\u0117ti rekonstrukcijos darb\u0173.<\/p>\n<p>Tiesa, tikrai yra kas prisimena, jog nors paskutiniuosius 16 met\u0173 eglut\u0117 spind\u0117jo ir sve\u010di\u0173 laukdavo senamiestyje, anks\u010diau ji vienos vietos netur\u0117jo \u2013  stov\u0117jo tiek Vienyb\u0117s aik\u0161t\u0117je, tiek Laisv\u0117s al\u0117jos fontano vietoje, prie Muzikinio teatro ir kitur.<\/p>\n<p><strong>Lauks Kal\u0117dinis miestelis<\/strong><\/p>\n<p>Vis\u0105 \u0161ventin\u012f laikotarp\u012f Vienyb\u0117s aik\u0161t\u0117je veiks ir kal\u0117dinis miestelis. Jis \u012fsikurs \u010dia jau stovin\u010diuose kupoluose, kuriuose bus galimyb\u0117 pasivai\u0161inti kava, arbata, sald\u0117siais, net ir alkoholiniais g\u0117rimais. Dviejuose i\u0161 j\u0173 veiks Kal\u0117d\u0173 Senelio rezidencija ir edukacij\u0173 erdv\u0117.<\/p>\n<p>Planuojama, kad kelis savaitgalius Vienyb\u0117s aik\u0161t\u0117je \u0161ventin\u0117s muzikos program\u0105 pristatys did\u017e\u0117jai, o K\u016b\u010di\u0173 i\u0161vakar\u0117se suskamb\u0117s kal\u0117dini\u0173 giesmi\u0173 vakarai.<\/p>\n<p>\u0160ventin\u0117 nuotaika neapleis ir senamies\u010dio. Vilniaus gatve kursuos kal\u0117dinis traukinukas, o prie arkikatedros bazilikos \u012fsikurs jauki mug\u0117 su gard\u0117siais ir edukacin\u0117mis veiklomis.<\/p>\n<p>\u201eKas vyksta Kaune\u201c primena, kad \u0161iais metais Kal\u0117d\u0173 eglut\u0117 Kaunui kainuos apie 80 t\u016bkst. eur\u0173, o \u0161ventinio koncerto sutarties vert\u0117 \u2013 180 t\u016bkst. eur\u0173.<\/p>\n<\/p><\/div>\n<p><br \/>\n<br \/><a href=\"https:\/\/kaunas.kasvyksta.lt\/2024\/11\/23\/miestas\/kaunieciai-plusta-i-vienybes-aikste-kur-netrukus-bus-iziebta-eglute-foto\/\">Source link <\/a><\/p>\n","protected":false},"excerpt":{"rendered":"<p>\u012e Vienyb\u0117s aik\u0161t\u0119 pl\u016bsta minios \u0161venti\u0161kai nusiteikusi\u0173 kaunie\u010di\u0173 \u2013 \u010dia netrukus bus \u012f\u017eiebta pagrindin\u0117 miesto Kal\u0117din\u0117 egl\u0117. \u012e renginio viet\u0105 besirenkan\u010di\u0173 miestie\u010di\u0173 laukia ir \u012fsp\u016bdingas \u0161ventinis koncertas, kuriame \u0161\u012f vakar\u0105 d\u017eiaugsm\u0105 dovanos ir b\u016brys \u017einom\u0173 atlik\u0117j\u0173. \u0160io vakaro tema \u2013 jaukios Kal\u0117dos, ir tai i\u0161ties matoma \u2013 miestas net \u017eiba, o \u0161vent\u0117s dalyvi\u0173 nuotaikos \u2013 [&hellip;]<\/p>\n","protected":false},"author":1,"featured_media":1198,"comment_status":"","ping_status":"","sticky":false,"template":"","format":"standard","meta":{"om_disable_all_campaigns":false,"_monsterinsights_skip_tracking":false,"_monsterinsights_sitenote_active":false,"_monsterinsights_sitenote_note":"","_monsterinsights_sitenote_category":0,"footnotes":""},"categories":[507],"tags":[1607,1608,1280,922,1609,162,788,1376,100,1331,1606,1298,923],"class_list":["post-1197","post","type-post","status-publish","format-standard","has-post-thumbnail","hentry","category-salies-naujienos-aktualijos","tag-aikste","tag-bus","tag-eglute","tag-foto","tag-iziebta","tag-kas","tag-kaune","tag-kaunieciai","tag-kur","tag-netrukus","tag-plusta","tag-vienybes","tag-vyksta"],"aioseo_notices":[],"_links":{"self":[{"href":"https:\/\/patogusgyvenimas.lt\/index.php\/wp-json\/wp\/v2\/posts\/1197","targetHints":{"allow":["GET"]}}],"collection":[{"href":"https:\/\/patogusgyvenimas.lt\/index.php\/wp-json\/wp\/v2\/posts"}],"about":[{"href":"https:\/\/patogusgyvenimas.lt\/index.php\/wp-json\/wp\/v2\/types\/post"}],"author":[{"embeddable":true,"href":"https:\/\/patogusgyvenimas.lt\/index.php\/wp-json\/wp\/v2\/users\/1"}],"replies":[{"embeddable":true,"href":"https:\/\/patogusgyvenimas.lt\/index.php\/wp-json\/wp\/v2\/comments?post=1197"}],"version-history":[{"count":0,"href":"https:\/\/patogusgyvenimas.lt\/index.php\/wp-json\/wp\/v2\/posts\/1197\/revisions"}],"wp:featuredmedia":[{"embeddable":true,"href":"https:\/\/patogusgyvenimas.lt\/index.php\/wp-json\/wp\/v2\/media\/1198"}],"wp:attachment":[{"href":"https:\/\/patogusgyvenimas.lt\/index.php\/wp-json\/wp\/v2\/media?parent=1197"}],"wp:term":[{"taxonomy":"category","embeddable":true,"href":"https:\/\/patogusgyvenimas.lt\/index.php\/wp-json\/wp\/v2\/categories?post=1197"},{"taxonomy":"post_tag","embeddable":true,"href":"https:\/\/patogusgyvenimas.lt\/index.php\/wp-json\/wp\/v2\/tags?post=1197"}],"curies":[{"name":"wp","href":"https:\/\/api.w.org\/{rel}","templated":true}]}}