{"id":1128,"date":"2024-11-18T19:26:27","date_gmt":"2024-11-18T19:26:27","guid":{"rendered":"https:\/\/patogusgyvenimas.lt\/index.php\/2024\/11\/18\/egle-bickiene-apie-autorine-paroda-gelynejimai-zolynejimai-man-darbuose-svarbiausia-estetika\/"},"modified":"2024-11-18T19:26:27","modified_gmt":"2024-11-18T19:26:27","slug":"egle-bickiene-apie-autorine-paroda-gelynejimai-zolynejimai-man-darbuose-svarbiausia-estetika","status":"publish","type":"post","link":"https:\/\/patogusgyvenimas.lt\/index.php\/2024\/11\/18\/egle-bickiene-apie-autorine-paroda-gelynejimai-zolynejimai-man-darbuose-svarbiausia-estetika\/","title":{"rendered":"Egl\u0117 Bi\u010dkien\u0117 apie autorin\u0119 parod\u0105 G\u0116LYN\u0116JIMAI \u2013 \u017dOLYN\u0116JIMAI: \u201eMan darbuose svarbiausia \u2013 estetika\u201c"},"content":{"rendered":"<p> <br \/>\n<\/p>\n<p><\/p>\n<p>Lapkri\u010dio 15 dien\u0105 \u0160iauli\u0173 miesto kult\u016bros centro \u201eLaipt\u0173 galerijoje\u201c atidaryta dailinink\u0117s Egl\u0117s Bi\u010dkien\u0117s autorin\u0117 paroda G\u0116LYN\u0116JIMAI \u2013 \u017dOLYN\u0116JIMAI.<\/p>\n<p>Nors per daugel\u012f k\u016brybos met\u0173 keit\u0117si meninink\u0117s darb\u0173 atlikimo technikos, ji liko i\u0161tikima kolografijai (atspaudui nuo kolia\u017eo) ir pie\u0161iniui, o jos kurti meno k\u016briniai pasi\u017eymi ypatingu kruop\u0161tumu, precizi\u0161kumu ir, svarbiausia, \u2013 estetika.<\/p>\n<p><img decoding=\"async\" loading=\"lazy\" class=\"size-full wp-image-293112 aligncenter\" src=\"https:\/\/miestonaujienos.lt\/wp-content\/uploads\/2024\/11\/2-5.jpg\" alt=\"\" width=\"1230\" height=\"822\" \/><\/p>\n<blockquote>\n<p>\u201eMan smagu i\u0161laikyti t\u0105 \u0161var\u0105, labai m\u0117gstu darbuose estetik\u0105. Ir kiek yra \u0161iandien mano mokini\u0173 at\u0117jusi\u0173 i\u0161 anks\u010diau ar dabartini\u0173, tai neleis pameluoti \u2013 jau estetika privalo b\u016bti. Tai ir pati stengiuosi ka\u017ekaip nenuvilti pirmiausia nei sav\u0119s, nei savo mokini\u0173. K\u016bryba yra mano atgaiva, mano laisvalaikis, susikaupimas\u201c, \u2013 parodos atidarymo metu pasakojo Egl\u0117 Bi\u010dkien\u0117.<\/p>\n<\/blockquote>\n<p><img decoding=\"async\" loading=\"lazy\" class=\"size-full wp-image-293113 aligncenter\" src=\"https:\/\/miestonaujienos.lt\/wp-content\/uploads\/2024\/11\/1-7.jpg\" alt=\"\" width=\"1230\" height=\"822\" \/><\/p>\n<p>\u0160ioje autor\u0117s parodoje dominuoja \u012fvairiausi\u0173 form\u0173 ir ra\u0161t\u0173 g\u0117l\u0117s, \u017eolynai. Dailinink\u0117 atviravo, kad daugelis b\u016bsim\u0173 k\u016brini\u0173 motyv\u0173 ir id\u0117j\u0173 gim\u0117 atostog\u0173 metu.<\/p>\n<blockquote>\n<p>\u201eDauguma \u0161it\u0173 g\u0117li\u0173 yra i\u0161 mano atostog\u0173. Tai gali b\u016bti kelion\u0117 ar vasaros atostogos prie e\u017eero. Tai neb\u016btinai, kokios jos yra lauke ar laukuose, g\u0117lynuose. Jos truput\u0117l\u012f per mano t\u0105 prizm\u0119 darosi kiek paslaptingesn\u0117s. Bet tai yra atostog\u0173 \u012fsp\u016bd\u017eiai\u201c.<\/p>\n<\/blockquote>\n<p><img decoding=\"async\" loading=\"lazy\" class=\"size-full wp-image-293114 aligncenter\" src=\"https:\/\/miestonaujienos.lt\/wp-content\/uploads\/2024\/11\/6-2.jpg\" alt=\"\" width=\"822\" height=\"1230\" \/><\/p>\n<p>Parod\u0105 eksponav\u0119s \u201eLaipt\u0173 galerijos\u201c parod\u0173 kuratorius Kornelijus U\u017euotas atskleid\u0117, kad \u0161\u012fkart darbus eksponavo ne pagal tam tikras tekst\u016bras ar fakt\u016bras, bet did\u017eiausi\u0105 d\u0117mes\u012f sutelkdamas \u012f kolorit\u0105.<\/p>\n<blockquote>\n<p>\u201eJeigu pasteb\u0117jote, labai gra\u017eiai \u017ei\u016brisi monumentaliai, kas \u012fdomiausia grafikoje, nes pati grafika n\u0117ra monumentalus menas. O Egl\u0117s darbuose labai gra\u017eiai \u201eskamba\u201c spalvin\u0117s d\u0117m\u0117s. Ji savo technikoje naudoja kolografij\u0105, bet kartu daro kolia\u017e\u0105, gra\u017eiai \u017eaid\u017eia iliuzija. Puikiai i\u0161laikyta kompozicija, labai gra\u017eiai i\u0161laikyta pusiausvyra\u201c.<\/p>\n<\/blockquote>\n<p><img decoding=\"async\" loading=\"lazy\" class=\"size-full wp-image-293115 aligncenter\" src=\"https:\/\/miestonaujienos.lt\/wp-content\/uploads\/2024\/11\/5-2.jpg\" alt=\"\" width=\"1230\" height=\"822\" \/><\/p>\n<p>Pasveikinti Egl\u0117s Bi\u010dkien\u0117s atvyko gausus b\u016brys buvusi\u0173 ir esam\u0173 koleg\u0173, bi\u010diuli\u0173 ir bendramin\u010di\u0173, kurie autorei negail\u0117jo gra\u017ei\u0173 \u017eod\u017ei\u0173.<\/p>\n<p><img decoding=\"async\" loading=\"lazy\" class=\"size-full wp-image-293116 aligncenter\" src=\"https:\/\/miestonaujienos.lt\/wp-content\/uploads\/2024\/11\/3-4.jpg\" alt=\"\" width=\"1230\" height=\"822\" \/><\/p>\n<blockquote>\n<p>\u201eMes kiekvienas i\u0161eidamas su savo darbais \u012f visuomen\u0119, savoti\u0161kai apsinuoginame \u0161iek tiek. Ir kai a\u0161 \u017ei\u016briu \u012f koleg\u0117s darbus, tai a\u0161 i\u0161 naujo pasitikrinu \u2013 ar tai tikrai tas pats \u017emogus. Ir i\u0161 \u0161it\u0173 vizualizacij\u0173 a\u0161 pa\u017e\u012fstu t\u0105 \u017emog\u0173. Vadinasi, Egl\u0117 nemeluoja ir neapsimeta. Tai yra tokios savyb\u0117s, prie kuri\u0173 norisi prisiglausti, nes mums reikia tikr\u0173 dalyk\u0173. O kitas dalykas, \u010dia mes matome daug atspaud\u0173. Tai tarsi m\u016bs\u0173 mo\u010diu\u010di\u0173 paveldo i\u0161ne\u0161imas \u012f kit\u0105 plok\u0161tum\u0105, \u012f kit\u0105 vaizd\u0105 ir tarsi paveldo saugojimas kitu b\u016bdu. Tai yra pagarba m\u016bs\u0173 \u0161aknims\u201c, \u2013 sak\u0117 autor\u0117s koleg\u0117 Irena \u0160liu\u017eelien\u0117.<\/p>\n<\/blockquote>\n<p><img decoding=\"async\" loading=\"lazy\" class=\"size-full wp-image-293117 aligncenter\" src=\"https:\/\/miestonaujienos.lt\/wp-content\/uploads\/2024\/11\/7-1.jpg\" alt=\"\" width=\"1230\" height=\"822\" \/><\/p>\n<p>Renginio metu \u0161ventin\u0119 nuotaik\u0105 kurst\u0117 muzikinis duetas \u201eGitar\u0173 magnetai\u201c (atlik\u0117jai Gediminas Fursalovas ir Laimonas Tamo\u0161i\u016bnas). Egl\u0117s Bi\u010dkien\u0117s autorin\u0117 paroda G\u0116LYN\u0116JIMAI \u2013 \u017dOLYN\u0116JIMAI \u201eLaipt\u0173 galerijoje\u201c bus eksponuojama iki lapkri\u010dio 30 dienos.<\/p>\n<p>\u0160ia publikacija dalinasi Lietuvos region\u0173 naujien\u0173 portalas \u201eMiesto naujienos\u201c. Daugiau sau ir savo miestui aktuali\u0173 naujien\u0173 rasite portale Miesto naujienos.<\/p>\n<p><br \/>\n<br \/><a href=\"https:\/\/miestonaujienos.lt\/egle-bickiene-apie-autorine-paroda-gelynejimai-zolynejimai-man-darbuose-svarbiausia-estetika\/\">Source link <\/a><\/p>\n","protected":false},"excerpt":{"rendered":"<p>Lapkri\u010dio 15 dien\u0105 \u0160iauli\u0173 miesto kult\u016bros centro \u201eLaipt\u0173 galerijoje\u201c atidaryta dailinink\u0117s Egl\u0117s Bi\u010dkien\u0117s autorin\u0117 paroda G\u0116LYN\u0116JIMAI \u2013 \u017dOLYN\u0116JIMAI. Nors per daugel\u012f k\u016brybos met\u0173 keit\u0117si meninink\u0117s darb\u0173 atlikimo technikos, ji liko i\u0161tikima kolografijai (atspaudui nuo kolia\u017eo) ir pie\u0161iniui, o jos kurti meno k\u016briniai pasi\u017eymi ypatingu kruop\u0161tumu, precizi\u0161kumu ir, svarbiausia, \u2013 estetika. \u201eMan smagu i\u0161laikyti t\u0105 \u0161var\u0105, [&hellip;]<\/p>\n","protected":false},"author":1,"featured_media":1129,"comment_status":"","ping_status":"","sticky":false,"template":"","format":"standard","meta":{"om_disable_all_campaigns":false,"_monsterinsights_skip_tracking":false,"_monsterinsights_sitenote_active":false,"_monsterinsights_sitenote_note":"","_monsterinsights_sitenote_category":0,"footnotes":""},"categories":[940],"tags":[878,1494,1493,1499,1292,1501,1496,1498,1495,1500,1497],"class_list":["post-1128","post","type-post","status-publish","format-standard","has-post-thumbnail","hentry","category-laisvalaikis-ir-kultura","tag-apie","tag-autorine","tag-bickiene","tag-darbuose","tag-egle","tag-estetika","tag-gelynejimai","tag-man","tag-paroda","tag-svarbiausia","tag-zolynejimai"],"aioseo_notices":[],"_links":{"self":[{"href":"https:\/\/patogusgyvenimas.lt\/index.php\/wp-json\/wp\/v2\/posts\/1128","targetHints":{"allow":["GET"]}}],"collection":[{"href":"https:\/\/patogusgyvenimas.lt\/index.php\/wp-json\/wp\/v2\/posts"}],"about":[{"href":"https:\/\/patogusgyvenimas.lt\/index.php\/wp-json\/wp\/v2\/types\/post"}],"author":[{"embeddable":true,"href":"https:\/\/patogusgyvenimas.lt\/index.php\/wp-json\/wp\/v2\/users\/1"}],"replies":[{"embeddable":true,"href":"https:\/\/patogusgyvenimas.lt\/index.php\/wp-json\/wp\/v2\/comments?post=1128"}],"version-history":[{"count":0,"href":"https:\/\/patogusgyvenimas.lt\/index.php\/wp-json\/wp\/v2\/posts\/1128\/revisions"}],"wp:featuredmedia":[{"embeddable":true,"href":"https:\/\/patogusgyvenimas.lt\/index.php\/wp-json\/wp\/v2\/media\/1129"}],"wp:attachment":[{"href":"https:\/\/patogusgyvenimas.lt\/index.php\/wp-json\/wp\/v2\/media?parent=1128"}],"wp:term":[{"taxonomy":"category","embeddable":true,"href":"https:\/\/patogusgyvenimas.lt\/index.php\/wp-json\/wp\/v2\/categories?post=1128"},{"taxonomy":"post_tag","embeddable":true,"href":"https:\/\/patogusgyvenimas.lt\/index.php\/wp-json\/wp\/v2\/tags?post=1128"}],"curies":[{"name":"wp","href":"https:\/\/api.w.org\/{rel}","templated":true}]}}